{"id":6156,"date":"2021-10-14T20:38:34","date_gmt":"2021-10-14T18:38:34","guid":{"rendered":"https:\/\/www.sitercl.com\/News\/?p=6156"},"modified":"2021-10-14T20:38:34","modified_gmt":"2021-10-14T18:38:34","slug":"plus-de-matchs-pros-le-5-mai","status":"publish","type":"post","link":"https:\/\/www.sitercl.com\/News\/?p=6156","title":{"rendered":"Plus de matchs pros le 5 mai"},"content":{"rendered":"\n<div class=\"wp-block-image\"><figure class=\"alignright size-full is-resized\"><img loading=\"lazy\" decoding=\"async\" src=\"https:\/\/www.sitercl.com\/News\/wp-content\/uploads\/2019\/12\/interdit-ballon.jpg\" alt=\"\" class=\"wp-image-2435\" width=\"100\" height=\"100\" srcset=\"https:\/\/www.sitercl.com\/News\/wp-content\/uploads\/2019\/12\/interdit-ballon.jpg 800w, https:\/\/www.sitercl.com\/News\/wp-content\/uploads\/2019\/12\/interdit-ballon-150x150.jpg 150w, https:\/\/www.sitercl.com\/News\/wp-content\/uploads\/2019\/12\/interdit-ballon-300x300.jpg 300w, https:\/\/www.sitercl.com\/News\/wp-content\/uploads\/2019\/12\/interdit-ballon-768x768.jpg 768w\" sizes=\"auto, (max-width: 100px) 85vw, 100px\" \/><\/figure><\/div>\n\n\n\n<p>Pr\u00e8s de 30 ans apr\u00e8s la catastrophe du stade de Furiani, le 5 mai 1992, le Parlement a sacralis\u00e9 ce jeudi cette date. En effet, en hommage aux 19 morts et plus de 2.300 bless\u00e9s dans l\u2019effondrement de la partie haute d\u2019une tribune provisoire avant le coup d\u2019envoi de la demi-finale de Coupe de France entre Bastia et l&rsquo;Olympique de Marseille, plus aucun match professionnel sera jou\u00e9 \u00e0 la date du 5 mai !<br>Pour le football amateur, le texte pr\u00e9voit l\u2019organisation d\u2019une minute de silence et le port d\u2019un brassard noir les 5 mai.<\/p>\n","protected":false},"excerpt":{"rendered":"<p>Pr\u00e8s de 30 ans apr\u00e8s la catastrophe du stade de Furiani, le 5 mai 1992, le Parlement a sacralis\u00e9 ce jeudi cette date. En effet, en hommage aux 19 morts et plus de 2.300 bless\u00e9s dans l\u2019effondrement de la partie haute d\u2019une tribune provisoire avant le coup d\u2019envoi de la demi-finale de Coupe de France &hellip; <a href=\"https:\/\/www.sitercl.com\/News\/?p=6156\" class=\"more-link\">Continuer la lecture<span class=\"screen-reader-text\"> de &laquo;&nbsp;Plus de matchs pros le 5 mai&nbsp;&raquo;<\/span><\/a><\/p>\n","protected":false},"author":2,"featured_media":0,"comment_status":"closed","ping_status":"open","sticky":false,"template":"","format":"standard","meta":{"footnotes":""},"categories":[4],"tags":[36,151,50],"class_list":["post-6156","post","type-post","status-publish","format-standard","hentry","category-divers","tag-calendrier","tag-ligue-1","tag-ligue-2"],"_links":{"self":[{"href":"https:\/\/www.sitercl.com\/News\/index.php?rest_route=\/wp\/v2\/posts\/6156","targetHints":{"allow":["GET"]}}],"collection":[{"href":"https:\/\/www.sitercl.com\/News\/index.php?rest_route=\/wp\/v2\/posts"}],"about":[{"href":"https:\/\/www.sitercl.com\/News\/index.php?rest_route=\/wp\/v2\/types\/post"}],"author":[{"embeddable":true,"href":"https:\/\/www.sitercl.com\/News\/index.php?rest_route=\/wp\/v2\/users\/2"}],"replies":[{"embeddable":true,"href":"https:\/\/www.sitercl.com\/News\/index.php?rest_route=%2Fwp%2Fv2%2Fcomments&post=6156"}],"version-history":[{"count":1,"href":"https:\/\/www.sitercl.com\/News\/index.php?rest_route=\/wp\/v2\/posts\/6156\/revisions"}],"predecessor-version":[{"id":6157,"href":"https:\/\/www.sitercl.com\/News\/index.php?rest_route=\/wp\/v2\/posts\/6156\/revisions\/6157"}],"wp:attachment":[{"href":"https:\/\/www.sitercl.com\/News\/index.php?rest_route=%2Fwp%2Fv2%2Fmedia&parent=6156"}],"wp:term":[{"taxonomy":"category","embeddable":true,"href":"https:\/\/www.sitercl.com\/News\/index.php?rest_route=%2Fwp%2Fv2%2Fcategories&post=6156"},{"taxonomy":"post_tag","embeddable":true,"href":"https:\/\/www.sitercl.com\/News\/index.php?rest_route=%2Fwp%2Fv2%2Ftags&post=6156"}],"curies":[{"name":"wp","href":"https:\/\/api.w.org\/{rel}","templated":true}]}}