{"id":6264,"date":"2021-10-29T19:13:31","date_gmt":"2021-10-29T17:13:31","guid":{"rendered":"https:\/\/www.sitercl.com\/News\/?p=6264"},"modified":"2021-10-29T19:13:31","modified_gmt":"2021-10-29T17:13:31","slug":"derby-les-enquetes-avancent","status":"publish","type":"post","link":"https:\/\/www.sitercl.com\/News\/?p=6264","title":{"rendered":"Derby: les enqu\u00eates avancent\u2026"},"content":{"rendered":"\n<div class=\"wp-block-image\"><figure class=\"alignright size-full\"><img loading=\"lazy\" decoding=\"async\" width=\"200\" height=\"134\" src=\"https:\/\/www.sitercl.com\/News\/wp-content\/uploads\/2018\/11\/tribunal.jpg\" alt=\"\" class=\"wp-image-198\"\/><\/figure><\/div>\n\n\n\n<p>Le site <em>actu.fr<\/em> donne quelques nouvelles de l&rsquo;avancement des diff\u00e9rentes enqu\u00eates apr\u00e8s les incidents du derby entre Lens et Lille.<\/p>\n\n\n\n<p>Une bonne partie des supporters lensois qui ont p\u00e9n\u00e9tr\u00e9 sur la pelouse du stade Bollaert-Delelis \u00e0 la mi-temps du derby ont \u00e9t\u00e9 identifi\u00e9s. Au total, il y en a eu 117 et 67 d\u2019entre eux seront convoqu\u00e9s au tribunal judiciaire de B\u00e9thune.<\/p>\n\n\n\n<p>Des\u00a0supporters du LOSC avaient \u00e9t\u00e9\u00a0film\u00e9s en train de faire des\u00a0saluts nazi. Ces\u00a0individus ont \u00e9t\u00e9 \u00e9galement identifi\u00e9s\u00a0par les forces de l\u2019ordre.\u00a0Ils devraient bient\u00f4t \u00eatre entendus. Un autre Lillois doit \u00eatre d\u00e9f\u00e9r\u00e9 au tribunal dans les prochains jours pour des faits de violence. L\u2019enqu\u00eate concernant les violences et les craquages de fumig\u00e8nes de la part de supporters des deux clubs se poursuit. Enfin, un individu du parcage visiteurs avait \u00e9t\u00e9 photographi\u00e9 alors qu\u2019il exhibait son p\u00e9nis. L\u00e0 aussi, l\u2019enqu\u00eate avance.<\/p>\n","protected":false},"excerpt":{"rendered":"<p>Le site actu.fr donne quelques nouvelles de l&rsquo;avancement des diff\u00e9rentes enqu\u00eates apr\u00e8s les incidents du derby entre Lens et Lille. Une bonne partie des supporters lensois qui ont p\u00e9n\u00e9tr\u00e9 sur la pelouse du stade Bollaert-Delelis \u00e0 la mi-temps du derby ont \u00e9t\u00e9 identifi\u00e9s. Au total, il y en a eu 117 et 67 d\u2019entre eux &hellip; <a href=\"https:\/\/www.sitercl.com\/News\/?p=6264\" class=\"more-link\">Continuer la lecture<span class=\"screen-reader-text\"> de &laquo;&nbsp;Derby: les enqu\u00eates avancent\u2026&nbsp;&raquo;<\/span><\/a><\/p>\n","protected":false},"author":2,"featured_media":0,"comment_status":"closed","ping_status":"open","sticky":false,"template":"","format":"standard","meta":{"footnotes":""},"categories":[2],"tags":[144,15,143,14],"class_list":["post-6264","post","type-post","status-publish","format-standard","hentry","category-infos","tag-derby","tag-justice","tag-losc","tag-supporters"],"_links":{"self":[{"href":"https:\/\/www.sitercl.com\/News\/index.php?rest_route=\/wp\/v2\/posts\/6264","targetHints":{"allow":["GET"]}}],"collection":[{"href":"https:\/\/www.sitercl.com\/News\/index.php?rest_route=\/wp\/v2\/posts"}],"about":[{"href":"https:\/\/www.sitercl.com\/News\/index.php?rest_route=\/wp\/v2\/types\/post"}],"author":[{"embeddable":true,"href":"https:\/\/www.sitercl.com\/News\/index.php?rest_route=\/wp\/v2\/users\/2"}],"replies":[{"embeddable":true,"href":"https:\/\/www.sitercl.com\/News\/index.php?rest_route=%2Fwp%2Fv2%2Fcomments&post=6264"}],"version-history":[{"count":1,"href":"https:\/\/www.sitercl.com\/News\/index.php?rest_route=\/wp\/v2\/posts\/6264\/revisions"}],"predecessor-version":[{"id":6265,"href":"https:\/\/www.sitercl.com\/News\/index.php?rest_route=\/wp\/v2\/posts\/6264\/revisions\/6265"}],"wp:attachment":[{"href":"https:\/\/www.sitercl.com\/News\/index.php?rest_route=%2Fwp%2Fv2%2Fmedia&parent=6264"}],"wp:term":[{"taxonomy":"category","embeddable":true,"href":"https:\/\/www.sitercl.com\/News\/index.php?rest_route=%2Fwp%2Fv2%2Fcategories&post=6264"},{"taxonomy":"post_tag","embeddable":true,"href":"https:\/\/www.sitercl.com\/News\/index.php?rest_route=%2Fwp%2Fv2%2Ftags&post=6264"}],"curies":[{"name":"wp","href":"https:\/\/api.w.org\/{rel}","templated":true}]}}