{"id":6346,"date":"2021-11-06T19:39:20","date_gmt":"2021-11-06T18:39:20","guid":{"rendered":"https:\/\/www.sitercl.com\/News\/?p=6346"},"modified":"2021-11-06T20:05:14","modified_gmt":"2021-11-06T19:05:14","slug":"deces-de-ryszard-grzegorczyk","status":"publish","type":"post","link":"https:\/\/www.sitercl.com\/News\/?p=6346","title":{"rendered":"D\u00e9c\u00e8s de Ryszard Grzegorczyk"},"content":{"rendered":"\n<div class=\"wp-block-image\"><figure class=\"alignright size-large\"><img decoding=\"async\" src=\"https:\/\/www.sitercl.com\/Fichejo\/G\/gregorcr.gif\" alt=\"\"\/><\/figure><\/div>\n\n\n\n<p>Le RC Lens a annonc\u00e9 malheureusement la disparition\u00a0vendredi \u00e0 l\u2019\u00e2ge de 82 ans de <a href=\"https:\/\/www.sitercl.com\/Fichejo\/G\/gregorcr.htm\">Ryszard Grzegorczyk<\/a>. Le milieu de terrain ou arri\u00e8re gauche, international polonais aux 23 s\u00e9lections (2 buts) a \u00e9volu\u00e9 chez les Sang et Or entre 1971 et 1975. Il avait \u00e0 l&rsquo;\u00e9poque pris un appartement avec <a href=\"https:\/\/www.sitercl.com\/Fichejo\/F\/fabereug.htm\">Eugeniusz Faber<\/a>, lui aussi disparu, il y a quelques jours.<\/p>\n","protected":false},"excerpt":{"rendered":"<p>Le RC Lens a annonc\u00e9 malheureusement la disparition\u00a0vendredi \u00e0 l\u2019\u00e2ge de 82 ans de Ryszard Grzegorczyk. Le milieu de terrain ou arri\u00e8re gauche, international polonais aux 23 s\u00e9lections (2 buts) a \u00e9volu\u00e9 chez les Sang et Or entre 1971 et 1975. Il avait \u00e0 l&rsquo;\u00e9poque pris un appartement avec Eugeniusz Faber, lui aussi disparu, il &hellip; <a href=\"https:\/\/www.sitercl.com\/News\/?p=6346\" class=\"more-link\">Continuer la lecture<span class=\"screen-reader-text\"> de &laquo;&nbsp;D\u00e9c\u00e8s de Ryszard Grzegorczyk&nbsp;&raquo;<\/span><\/a><\/p>\n","protected":false},"author":2,"featured_media":0,"comment_status":"closed","ping_status":"open","sticky":false,"template":"","format":"standard","meta":{"footnotes":""},"categories":[2],"tags":[77,249,483,482],"class_list":["post-6346","post","type-post","status-publish","format-standard","hentry","category-infos","tag-ancien","tag-deces","tag-faber","tag-grzegorczyk"],"_links":{"self":[{"href":"https:\/\/www.sitercl.com\/News\/index.php?rest_route=\/wp\/v2\/posts\/6346","targetHints":{"allow":["GET"]}}],"collection":[{"href":"https:\/\/www.sitercl.com\/News\/index.php?rest_route=\/wp\/v2\/posts"}],"about":[{"href":"https:\/\/www.sitercl.com\/News\/index.php?rest_route=\/wp\/v2\/types\/post"}],"author":[{"embeddable":true,"href":"https:\/\/www.sitercl.com\/News\/index.php?rest_route=\/wp\/v2\/users\/2"}],"replies":[{"embeddable":true,"href":"https:\/\/www.sitercl.com\/News\/index.php?rest_route=%2Fwp%2Fv2%2Fcomments&post=6346"}],"version-history":[{"count":2,"href":"https:\/\/www.sitercl.com\/News\/index.php?rest_route=\/wp\/v2\/posts\/6346\/revisions"}],"predecessor-version":[{"id":6348,"href":"https:\/\/www.sitercl.com\/News\/index.php?rest_route=\/wp\/v2\/posts\/6346\/revisions\/6348"}],"wp:attachment":[{"href":"https:\/\/www.sitercl.com\/News\/index.php?rest_route=%2Fwp%2Fv2%2Fmedia&parent=6346"}],"wp:term":[{"taxonomy":"category","embeddable":true,"href":"https:\/\/www.sitercl.com\/News\/index.php?rest_route=%2Fwp%2Fv2%2Fcategories&post=6346"},{"taxonomy":"post_tag","embeddable":true,"href":"https:\/\/www.sitercl.com\/News\/index.php?rest_route=%2Fwp%2Fv2%2Ftags&post=6346"}],"curies":[{"name":"wp","href":"https:\/\/api.w.org\/{rel}","templated":true}]}}