{"id":660,"date":"2019-02-08T18:28:47","date_gmt":"2019-02-08T17:28:47","guid":{"rendered":"https:\/\/www.sitercl.com\/News\/?p=660"},"modified":"2019-02-08T18:28:47","modified_gmt":"2019-02-08T17:28:47","slug":"les-groupes-pour-lens-metz","status":"publish","type":"post","link":"https:\/\/www.sitercl.com\/News\/?p=660","title":{"rendered":"Les groupes pour Lens &#8211; Metz"},"content":{"rendered":"\n<div class=\"wp-block-image\"><figure class=\"alignright\"><img loading=\"lazy\" decoding=\"async\" width=\"137\" height=\"150\" src=\"https:\/\/www.sitercl.com\/News\/wp-content\/uploads\/2018\/12\/grpjoueu.jpg\" alt=\"\" class=\"wp-image-248\"\/><\/figure><\/div>\n\n\n\n<p>Voici les groupes convoqu\u00e9s pour la rencontre de ce samedi 9 f\u00e9vrier \u00e0 15h00 qui opposera le RC Lens au FC Metz au stade Bollaert-Delelis&#8230;<\/p>\n\n\n\n<p><strong>Pour le RC Lens<\/strong> :<br>Leca, Vachoux \u2013 Fortes, Duverne, Centonze, Mendy, Ha\u00efdara \u2013 Bellegarde, Ba, Diarra, Mesloub, Gillet, Doucour\u00e9, Ducrocq \u2013 Ambrose, Gomis, Bencharki, Chouiar, Kyei.<br><br>Sa\u00eff Tka est forfait pour cette rencontre, une absence qui s\u2019ajoute \u00e0 celle de Modibo Sagnan, suspendu mais \u00e9galement bless\u00e9. Les ennuis de l&rsquo;entra\u00eeneur lensois ne s&rsquo;arr\u00eatent pas l\u00e0 puisque Bencharki et Ha\u00efdara sont quant \u00e0 eux incertains : \u00ab On verra pour Achraf Bencharki, malade, et Massadio Ha\u00efdara, touch\u00e9 \u00e0 l&rsquo;ischio. \u00bb De quoi convoquer pour le moment un groupe de 19 joueurs.<br><br><strong>Pour le FC Metz <\/strong>:<br>Delecroix, Oukidja &#8211; Balliu, Rivierez, Jans, Sunzu, Boye, Delaine &#8211; Fofana, Cohade, Ma\u00efga, Boulaya, Angban, Gakpa &#8211; Nguette, Diallo, Niane, Rivi\u00e8re.<br><br>Les absents sont Udol (r\u00e9\u00e9ducation) et Ndiaye (s\u00e9lection).<br><br><strong>Les arbitres<\/strong> :<br>L&rsquo;arbitre principal de cette rencontre sera Willy DELAJOD (26 ans). Ses assistants seront Tugdual PHILIPPE et Fran\u00e7ois BOUDIKIAN et le 4e arbitre, Antoine VALNET.<br><br>Willy DELAJOD est plus habitu\u00e9 aux rencontres de L1 (12 matches) que celles de L2 (3) depuis le d\u00e9but de la saison, on notera quand m\u00eame qu&rsquo;il a offici\u00e9 lors de la plus grosse victoire des Sang et Or jusqu&rsquo;\u00e0 pr\u00e9sent cette saison, c&rsquo;\u00e9tait lors de la 11\u00e8me journ\u00e9e pour le match RC Lens &#8211; Gaz\u00e9lec FC Ajaccio (<a href=\"https:\/\/www.sitercl.com\/Matches\/2018-19\/Champion\/Domicile\/ajacciog.htm\">5-0<\/a>, 5 cartons jaune dont 2 pour des lensois).<\/p>\n","protected":false},"excerpt":{"rendered":"<p>Voici les groupes convoqu\u00e9s pour la rencontre de ce samedi 9 f\u00e9vrier \u00e0 15h00 qui opposera le RC Lens au FC Metz au stade Bollaert-Delelis&#8230; Pour le RC Lens :Leca, Vachoux \u2013 Fortes, Duverne, Centonze, Mendy, Ha\u00efdara \u2013 Bellegarde, Ba, Diarra, Mesloub, Gillet, Doucour\u00e9, Ducrocq \u2013 Ambrose, Gomis, Bencharki, Chouiar, Kyei. Sa\u00eff Tka est forfait &hellip; <a href=\"https:\/\/www.sitercl.com\/News\/?p=660\" class=\"more-link\">Continuer la lecture<span class=\"screen-reader-text\"> de &laquo;&nbsp;Les groupes pour Lens &#8211; Metz&nbsp;&raquo;<\/span><\/a><\/p>\n","protected":false},"author":2,"featured_media":0,"comment_status":"closed","ping_status":"open","sticky":false,"template":"","format":"standard","meta":{"footnotes":""},"categories":[2],"tags":[11,50,42],"class_list":["post-660","post","type-post","status-publish","format-standard","hentry","category-infos","tag-groupes","tag-ligue-2","tag-metz"],"_links":{"self":[{"href":"https:\/\/www.sitercl.com\/News\/index.php?rest_route=\/wp\/v2\/posts\/660","targetHints":{"allow":["GET"]}}],"collection":[{"href":"https:\/\/www.sitercl.com\/News\/index.php?rest_route=\/wp\/v2\/posts"}],"about":[{"href":"https:\/\/www.sitercl.com\/News\/index.php?rest_route=\/wp\/v2\/types\/post"}],"author":[{"embeddable":true,"href":"https:\/\/www.sitercl.com\/News\/index.php?rest_route=\/wp\/v2\/users\/2"}],"replies":[{"embeddable":true,"href":"https:\/\/www.sitercl.com\/News\/index.php?rest_route=%2Fwp%2Fv2%2Fcomments&post=660"}],"version-history":[{"count":1,"href":"https:\/\/www.sitercl.com\/News\/index.php?rest_route=\/wp\/v2\/posts\/660\/revisions"}],"predecessor-version":[{"id":661,"href":"https:\/\/www.sitercl.com\/News\/index.php?rest_route=\/wp\/v2\/posts\/660\/revisions\/661"}],"wp:attachment":[{"href":"https:\/\/www.sitercl.com\/News\/index.php?rest_route=%2Fwp%2Fv2%2Fmedia&parent=660"}],"wp:term":[{"taxonomy":"category","embeddable":true,"href":"https:\/\/www.sitercl.com\/News\/index.php?rest_route=%2Fwp%2Fv2%2Fcategories&post=660"},{"taxonomy":"post_tag","embeddable":true,"href":"https:\/\/www.sitercl.com\/News\/index.php?rest_route=%2Fwp%2Fv2%2Ftags&post=660"}],"curies":[{"name":"wp","href":"https:\/\/api.w.org\/{rel}","templated":true}]}}