{"id":7441,"date":"2022-04-09T18:45:18","date_gmt":"2022-04-09T16:45:18","guid":{"rendered":"https:\/\/www.sitercl.com\/News\/?p=7441"},"modified":"2022-04-09T18:45:18","modified_gmt":"2022-04-09T16:45:18","slug":"les-groupes-pour-lens-nice-2","status":"publish","type":"post","link":"https:\/\/www.sitercl.com\/News\/?p=7441","title":{"rendered":"Les groupes pour Lens &#8211; Nice"},"content":{"rendered":"\n<div class=\"wp-block-image\"><figure class=\"alignright size-full\"><img loading=\"lazy\" decoding=\"async\" width=\"137\" height=\"150\" src=\"https:\/\/www.sitercl.com\/News\/wp-content\/uploads\/2018\/12\/grpjoueu.jpg\" alt=\"\" class=\"wp-image-248\"\/><\/figure><\/div>\n\n\n\n<p>Voici les groupes convoqu\u00e9s pour la rencontre Lens &#8211; Nice de ce dimanche (coup d&rsquo;envoi \u00e0 17h05) comptant pour la 31e journ\u00e9e de L1 Uber Eats&#8230;<\/p>\n\n\n\n<p><strong>Pour le RC Lens<\/strong> :<br>Wuilker FAR\u00cd\u00d1EZ, Jean-Louis LECA; Jonathan CLAUSS, Kevin DANSO, Jonathan GRADIT, Massadio HA\u00cfDARA, Deiver MACHADO, Facundo MEDINA; Patrick BERG, Yannick CAHUZAC, Cheick DOUCOUR\u00c9, Seko FOFANA, Przemyslaw FRANKOWSKI,\u00a0David PEREIRA DA COSTA; Ibrahima BALD\u00c9, Ignatius GANAGO, Arnaud KALIMUENDO, Wesley SA\u00cfD, Florian SOTOCA.<\/p>\n\n\n\n<p>En plus de Corentin Jean forfait d\u00e9j\u00e0 depuis plusieurs semaines, Franck Haise devra se passer de Christopher Wooh (probl\u00e8me musculaire) et Ga\u00ebl Kakuta (tendinite \u00e0 un genou). Florian Sotoca et Kevin Danso feront eux leur retour apr\u00e8s leur suspension face \u00e0 Strasbourg.<\/p>\n\n\n\n<p><strong>Pour l&rsquo;OGC Nice<\/strong> :<br>Benitez, Bulka, Boulhendi; Amavi, Atal, Bard, Daniliuc, Dante, Lotomba, Todibo, Danilo; Boudaoui, Lemina, Rosario, Thuram; Brahimi, Delort, Dolberg, Gouiri, Guessand, Kluivert, Stengs.<\/p>\n\n\n\n<p>Alexis Claude-Maurice est absent suite \u00e0 une op\u00e9ration \u00e0 la cheville, Morgan Schneiderlin est lui en cours de reprise (l\u00e9sion au mollet).<\/p>\n\n\n\n<p><strong>Les arbitres<\/strong> :<br>L&rsquo;arbitre principal de la rencontre sera Willy DELAJOD (29 ans). Ses assistants sur les lignes de touche, Erwan FINJEAN et Bastien COURBET. Le 4e arbitre sera Abdelatif KHERRADJI.<strong><br><\/strong>Les arbitres assistants vid\u00e9o seront Alexandre CASTRO et Cyril MUGNIER.<\/p>\n\n\n\n<p>Depuis le d\u00e9but de la saison, Willy DELAJOD a dirig\u00e9 12 matches de Ligue 1 o\u00f9 il a distribu\u00e9 52 cartons jaune et 2 rouge (aucun direct toutefois !).<br>Il a arbitr\u00e9 le match de la 4e journ\u00e9e entre le RC Lens et le FC Lorient (<a href=\"https:\/\/www.sitercl.com\/Matches\/2021-22\/Champion\/Domicile\/lorientf.htm\">2-2<\/a>). Mais on se souvient surtout de sa pr\u00e9sence lors du derby et <a href=\"https:\/\/www.sitercl.com\/Matches\/2021-22\/France\/Domicile\/lilleosc.htm\">la qualification<\/a> aux tirs au but des Sang et Or face aux Lillois lors du 16e de finale de la Coupe de France avec <a href=\"https:\/\/www.sitercl.com\/News\/?p=6778\">un \u00e9change<\/a> un peu particulier avec Fofana. <\/p>\n","protected":false},"excerpt":{"rendered":"<p>Voici les groupes convoqu\u00e9s pour la rencontre Lens &#8211; Nice de ce dimanche (coup d&rsquo;envoi \u00e0 17h05) comptant pour la 31e journ\u00e9e de L1 Uber Eats&#8230; Pour le RC Lens :Wuilker FAR\u00cd\u00d1EZ, Jean-Louis LECA; Jonathan CLAUSS, Kevin DANSO, Jonathan GRADIT, Massadio HA\u00cfDARA, Deiver MACHADO, Facundo MEDINA; Patrick BERG, Yannick CAHUZAC, Cheick DOUCOUR\u00c9, Seko FOFANA, Przemyslaw &hellip; <a href=\"https:\/\/www.sitercl.com\/News\/?p=7441\" class=\"more-link\">Continuer la lecture<span class=\"screen-reader-text\"> de &laquo;&nbsp;Les groupes pour Lens &#8211; Nice&nbsp;&raquo;<\/span><\/a><\/p>\n","protected":false},"author":2,"featured_media":0,"comment_status":"closed","ping_status":"open","sticky":false,"template":"","format":"standard","meta":{"footnotes":""},"categories":[2],"tags":[11,151,352],"class_list":["post-7441","post","type-post","status-publish","format-standard","hentry","category-infos","tag-groupes","tag-ligue-1","tag-nice"],"_links":{"self":[{"href":"https:\/\/www.sitercl.com\/News\/index.php?rest_route=\/wp\/v2\/posts\/7441","targetHints":{"allow":["GET"]}}],"collection":[{"href":"https:\/\/www.sitercl.com\/News\/index.php?rest_route=\/wp\/v2\/posts"}],"about":[{"href":"https:\/\/www.sitercl.com\/News\/index.php?rest_route=\/wp\/v2\/types\/post"}],"author":[{"embeddable":true,"href":"https:\/\/www.sitercl.com\/News\/index.php?rest_route=\/wp\/v2\/users\/2"}],"replies":[{"embeddable":true,"href":"https:\/\/www.sitercl.com\/News\/index.php?rest_route=%2Fwp%2Fv2%2Fcomments&post=7441"}],"version-history":[{"count":4,"href":"https:\/\/www.sitercl.com\/News\/index.php?rest_route=\/wp\/v2\/posts\/7441\/revisions"}],"predecessor-version":[{"id":7449,"href":"https:\/\/www.sitercl.com\/News\/index.php?rest_route=\/wp\/v2\/posts\/7441\/revisions\/7449"}],"wp:attachment":[{"href":"https:\/\/www.sitercl.com\/News\/index.php?rest_route=%2Fwp%2Fv2%2Fmedia&parent=7441"}],"wp:term":[{"taxonomy":"category","embeddable":true,"href":"https:\/\/www.sitercl.com\/News\/index.php?rest_route=%2Fwp%2Fv2%2Fcategories&post=7441"},{"taxonomy":"post_tag","embeddable":true,"href":"https:\/\/www.sitercl.com\/News\/index.php?rest_route=%2Fwp%2Fv2%2Ftags&post=7441"}],"curies":[{"name":"wp","href":"https:\/\/api.w.org\/{rel}","templated":true}]}}