{"id":7474,"date":"2022-04-12T19:30:07","date_gmt":"2022-04-12T17:30:07","guid":{"rendered":"https:\/\/www.sitercl.com\/News\/?p=7474"},"modified":"2022-04-12T19:30:08","modified_gmt":"2022-04-12T17:30:08","slug":"ouverture-dune-nouvelle-boutique","status":"publish","type":"post","link":"https:\/\/www.sitercl.com\/News\/?p=7474","title":{"rendered":"Ouverture d&rsquo;une nouvelle boutique"},"content":{"rendered":"\n<div class=\"wp-block-image\"><figure class=\"alignright size-full is-resized\"><img loading=\"lazy\" decoding=\"async\" src=\"https:\/\/www.sitercl.com\/News\/wp-content\/uploads\/2021\/07\/home2122.jpg\" alt=\"\" class=\"wp-image-5539\" width=\"225\" height=\"215\"\/><\/figure><\/div>\n\n\n\n<p>Le RC Lens a annonc\u00e9 sur son compte twitter ce mardi que la nouvelle boutique du club va ouvrir ses portes ce mercredi, \u00e0 14\u00a0h\u00a030, dans la galerie du centre commercial Aushopping, \u00e0 Noyelles-Godault.<\/p>\n\n\n\n<p>On se rappelle que le centre commercial avait d\u00e9j\u00e0 dans le pass\u00e9 accueilli une boutique du RC Lens (ainsi qu&rsquo;un bar) mais celle-ci avait d\u00fb finalement fermer ses portes quelques ann\u00e9es plus tard.<\/p>\n\n\n\n<p>Pour son ouverture, Cheick Doucour\u00e9 et Jean-Louis Leca seront pr\u00e9sents pour une s\u00e9ance de d\u00e9dicaces.<\/p>\n\n\n\n<p>L&rsquo;occasion de rappeler \u00e9galement une s\u00e9ance d&rsquo;<a href=\"https:\/\/www.sitercl.com\/News\/?post_type=post&amp;p=7431\">entra\u00eenement public<\/a> au matin au stade Bollaert-Delelis si vous voulez passer un mercredi avec les joueurs du RC Lens !<\/p>\n","protected":false},"excerpt":{"rendered":"<p>Le RC Lens a annonc\u00e9 sur son compte twitter ce mardi que la nouvelle boutique du club va ouvrir ses portes ce mercredi, \u00e0 14\u00a0h\u00a030, dans la galerie du centre commercial Aushopping, \u00e0 Noyelles-Godault. On se rappelle que le centre commercial avait d\u00e9j\u00e0 dans le pass\u00e9 accueilli une boutique du RC Lens (ainsi qu&rsquo;un bar) &hellip; <a href=\"https:\/\/www.sitercl.com\/News\/?p=7474\" class=\"more-link\">Continuer la lecture<span class=\"screen-reader-text\"> de &laquo;&nbsp;Ouverture d&rsquo;une nouvelle boutique&nbsp;&raquo;<\/span><\/a><\/p>\n","protected":false},"author":2,"featured_media":0,"comment_status":"closed","ping_status":"open","sticky":false,"template":"","format":"standard","meta":{"footnotes":""},"categories":[2],"tags":[334,66,67,322],"class_list":["post-7474","post","type-post","status-publish","format-standard","hentry","category-infos","tag-boutique","tag-doucoure","tag-leca","tag-merchandising"],"_links":{"self":[{"href":"https:\/\/www.sitercl.com\/News\/index.php?rest_route=\/wp\/v2\/posts\/7474","targetHints":{"allow":["GET"]}}],"collection":[{"href":"https:\/\/www.sitercl.com\/News\/index.php?rest_route=\/wp\/v2\/posts"}],"about":[{"href":"https:\/\/www.sitercl.com\/News\/index.php?rest_route=\/wp\/v2\/types\/post"}],"author":[{"embeddable":true,"href":"https:\/\/www.sitercl.com\/News\/index.php?rest_route=\/wp\/v2\/users\/2"}],"replies":[{"embeddable":true,"href":"https:\/\/www.sitercl.com\/News\/index.php?rest_route=%2Fwp%2Fv2%2Fcomments&post=7474"}],"version-history":[{"count":1,"href":"https:\/\/www.sitercl.com\/News\/index.php?rest_route=\/wp\/v2\/posts\/7474\/revisions"}],"predecessor-version":[{"id":7475,"href":"https:\/\/www.sitercl.com\/News\/index.php?rest_route=\/wp\/v2\/posts\/7474\/revisions\/7475"}],"wp:attachment":[{"href":"https:\/\/www.sitercl.com\/News\/index.php?rest_route=%2Fwp%2Fv2%2Fmedia&parent=7474"}],"wp:term":[{"taxonomy":"category","embeddable":true,"href":"https:\/\/www.sitercl.com\/News\/index.php?rest_route=%2Fwp%2Fv2%2Fcategories&post=7474"},{"taxonomy":"post_tag","embeddable":true,"href":"https:\/\/www.sitercl.com\/News\/index.php?rest_route=%2Fwp%2Fv2%2Ftags&post=7474"}],"curies":[{"name":"wp","href":"https:\/\/api.w.org\/{rel}","templated":true}]}}