{"id":755,"date":"2019-02-26T15:12:50","date_gmt":"2019-02-26T14:12:50","guid":{"rendered":"https:\/\/www.sitercl.com\/News\/?p=755"},"modified":"2019-02-26T15:12:50","modified_gmt":"2019-02-26T14:12:50","slug":"revue-de-presse-apres-lens-niort","status":"publish","type":"post","link":"https:\/\/www.sitercl.com\/News\/?p=755","title":{"rendered":"Revue de presse apr\u00e8s Lens &#8211; Niort"},"content":{"rendered":"\n<div class=\"wp-block-image\"><figure class=\"alignright\"><img decoding=\"async\" src=\"https:\/\/www.sitercl.com\/Clubs\/France\/domniort.jpg\" alt=\"\"\/><\/figure><\/div>\n\n\n\n<p>Voici une s\u00e9lection d&rsquo;articles du web apr\u00e8s la large victoire des Sang et Or lundi soir face \u00e0 Niort (4-1)\u2026<\/p>\n\n\n\n<p><b>www.lequipe.fr<\/b> :<br>-25\/02\/2019 <a href=\"https:\/\/www.lequipe.fr\/Football\/Actualites\/Lens-s-eclate-contre-niort-et-reste-en-course-pour-la-montee-en-ligue-1\/992828\" target=\"_blank\" rel=\"noopener noreferrer\">Lens s&rsquo;\u00e9clate contre Niort et reste en course pour la mont\u00e9e en Ligue 1<\/a> <br><br><b>www.lavoixdunord.fr<\/b> :<br>-25\/02\/2019 <a href=\"http:\/\/www.lavoixdunord.fr\/543063\/article\/2019-02-25\/oppose-niort-lens-guette-le-podium-suivez-notre-direct\" target=\"_blank\" rel=\"noopener noreferrer\">Lens fait le plein \u00e0 Bollaert et reste dans le sillage des meilleurs<\/a> <br>-25\/02\/2019 <a href=\"http:\/\/www.lavoixdunord.fr\/543076\/article\/2019-02-25\/l-inspiration-geniale-de-chouiar-les-notes-des-lensois-face-niort\" target=\"_blank\" rel=\"noopener noreferrer\">L\u2019inspiration g\u00e9niale de Chouiar, les notes des Lensois face \u00e0 Niort<\/a> <br>-26\/02\/2019 <a href=\"http:\/\/www.lavoixdunord.fr\/543205\/article\/2019-02-26\/nos-meilleures-photos-du-match-contre-niort\" target=\"_blank\" rel=\"noopener noreferrer\">Nos meilleures photos du match contre Niort<\/a> <br>-26\/02\/2019 <a href=\"http:\/\/www.lavoixdunord.fr\/543279\/article\/2019-02-26\/ce-qu-il-faut-retenir-de-la-victoire-du-rc-lens\" target=\"_blank\" rel=\"noopener noreferrer\">Ce qu\u2019il faut retenir de la victoire du RC Lens face \u00e0 Niort<\/a> <br><br><b>maligue2.fr<\/b> :<br>-25\/02\/2019 <a href=\"https:\/\/maligue2.fr\/2019\/02\/25\/ligue-2-le-rc-lens-simpose-largement-devant-un-niort-bien-genereux\/\" target=\"_blank\" rel=\"noopener noreferrer\">Le RC Lens s&rsquo;impose largement devant un Niort bien g\u00e9n\u00e9reux<\/a> <br>-25\/02\/2019 <a href=\"https:\/\/maligue2.fr\/2019\/02\/25\/antoine-leautey-il-y-a-un-fosse-entre-eux-et-nous\/\" target=\"_blank\" rel=\"noopener noreferrer\">Antoine L\u00e9autey : \u00ab Il y a un foss\u00e9 entre eux et nous \u00bb<\/a> <br>-25\/02\/2019 <a href=\"https:\/\/maligue2.fr\/2019\/02\/25\/yannick-gomis-nous-avons-confiance-en-nous\/\" target=\"_blank\" rel=\"noopener noreferrer\">Yannick Gomis : \u00ab Nous avons confiance en nous \u00bb<\/a> <br>-25\/02\/2019 <a href=\"https:\/\/maligue2.fr\/2019\/02\/25\/jean-louis-leca-et-sa-sortie-face-a-niort-je-nai-pas-voulu-prendre-de-risque\/\" target=\"_blank\" rel=\"noopener noreferrer\">Jean-Louis Leca et sa sortie face \u00e0 Niort : \u00ab Je n\u2019ai pas voulu prendre de risque \u00bb<\/a> <br><br><b>france3-regions.francetvinfo.fr<\/b> :<br>-26\/02\/2019 <a href=\"https:\/\/france3-regions.francetvinfo.fr\/hauts-de-france\/pas-calais\/lens\/rc-lens-ecrase-niort-revient-au-pied-du-podium-1629596.html\" target=\"_blank\" rel=\"noopener noreferrer\">Le RC Lens \u00e9crase Niort et revient au pied du podium<\/a> <br><br><b>www.lfp.fr<\/b> :<br>-25\/02\/2019 <a href=\"https:\/\/www.lfp.fr\/ligue2\/article\/le-rc-lens-suit-le-rythme.htm\" target=\"_blank\" rel=\"noopener noreferrer\">Le RC Lens suit le rythme !<\/a> <br><br><b>www.football365.fr<\/b> :<br>-25\/02\/2019 <a href=\"http:\/\/www.football365.fr\/ligue-2-j26-lens-deroule-contre-niort-8907658.html\" target=\"_blank\" rel=\"noopener noreferrer\">L2 (J26) : Lens d\u00e9roule contre Niort<\/a> <\/p>\n","protected":false},"excerpt":{"rendered":"<p>Voici une s\u00e9lection d&rsquo;articles du web apr\u00e8s la large victoire des Sang et Or lundi soir face \u00e0 Niort (4-1)\u2026 www.lequipe.fr :-25\/02\/2019 Lens s&rsquo;\u00e9clate contre Niort et reste en course pour la mont\u00e9e en Ligue 1 www.lavoixdunord.fr :-25\/02\/2019 Lens fait le plein \u00e0 Bollaert et reste dans le sillage des meilleurs -25\/02\/2019 L\u2019inspiration g\u00e9niale de &hellip; <a href=\"https:\/\/www.sitercl.com\/News\/?p=755\" class=\"more-link\">Continuer la lecture<span class=\"screen-reader-text\"> de &laquo;&nbsp;Revue de presse apr\u00e8s Lens &#8211; Niort&nbsp;&raquo;<\/span><\/a><\/p>\n","protected":false},"author":2,"featured_media":0,"comment_status":"closed","ping_status":"open","sticky":false,"template":"","format":"standard","meta":{"footnotes":""},"categories":[6],"tags":[13,50,78],"class_list":["post-755","post","type-post","status-publish","format-standard","hentry","category-revue-du-web","tag-internet","tag-ligue-2","tag-niort"],"_links":{"self":[{"href":"https:\/\/www.sitercl.com\/News\/index.php?rest_route=\/wp\/v2\/posts\/755","targetHints":{"allow":["GET"]}}],"collection":[{"href":"https:\/\/www.sitercl.com\/News\/index.php?rest_route=\/wp\/v2\/posts"}],"about":[{"href":"https:\/\/www.sitercl.com\/News\/index.php?rest_route=\/wp\/v2\/types\/post"}],"author":[{"embeddable":true,"href":"https:\/\/www.sitercl.com\/News\/index.php?rest_route=\/wp\/v2\/users\/2"}],"replies":[{"embeddable":true,"href":"https:\/\/www.sitercl.com\/News\/index.php?rest_route=%2Fwp%2Fv2%2Fcomments&post=755"}],"version-history":[{"count":1,"href":"https:\/\/www.sitercl.com\/News\/index.php?rest_route=\/wp\/v2\/posts\/755\/revisions"}],"predecessor-version":[{"id":756,"href":"https:\/\/www.sitercl.com\/News\/index.php?rest_route=\/wp\/v2\/posts\/755\/revisions\/756"}],"wp:attachment":[{"href":"https:\/\/www.sitercl.com\/News\/index.php?rest_route=%2Fwp%2Fv2%2Fmedia&parent=755"}],"wp:term":[{"taxonomy":"category","embeddable":true,"href":"https:\/\/www.sitercl.com\/News\/index.php?rest_route=%2Fwp%2Fv2%2Fcategories&post=755"},{"taxonomy":"post_tag","embeddable":true,"href":"https:\/\/www.sitercl.com\/News\/index.php?rest_route=%2Fwp%2Fv2%2Ftags&post=755"}],"curies":[{"name":"wp","href":"https:\/\/api.w.org\/{rel}","templated":true}]}}