{"id":7651,"date":"2022-05-08T11:09:33","date_gmt":"2022-05-08T09:09:33","guid":{"rendered":"https:\/\/www.sitercl.com\/News\/?p=7651"},"modified":"2022-05-09T20:19:53","modified_gmt":"2022-05-09T18:19:53","slug":"revue-du-web-reims-lens","status":"publish","type":"post","link":"https:\/\/www.sitercl.com\/News\/?p=7651","title":{"rendered":"Revue du Web Reims &#8211; Lens"},"content":{"rendered":"\n<div class=\"wp-block-image\"><figure class=\"alignright size-full\"><img loading=\"lazy\" decoding=\"async\" width=\"150\" height=\"106\" src=\"https:\/\/www.sitercl.com\/News\/wp-content\/uploads\/2019\/01\/clavball.png\" alt=\"\" class=\"wp-image-587\"\/><\/figure><\/div>\n\n\n\n<p>Retrouvez une s\u00e9lection d&rsquo;articles du Web sur la rencontre de la 36e journ\u00e9e de Ligue 1 Uber Eats entre le Stade de Reims et le RC Lens (1-2)&#8230;<\/p>\n\n\n\n<p><b>www.lavoixdunord.fr<\/b> :<br>-08\/05\/2022 <a href=\"https:\/\/www.lavoixdunord.fr\/1176668\/article\/2022-05-08\/football-racing-club-de-lens-pour-l-amour-du-risque\" target=\"_blank\" rel=\"noopener\">RC Lens : pour l\u2019amour du risque<\/a><br>-08\/05\/2022 <a href=\"https:\/\/www.lavoixdunord.fr\/1176414\/article\/2022-05-08\/ligue-1-objectif-europe-pour-lens-qui-defie-reims-suivez-notre-direct\" target=\"_blank\" rel=\"noopener\">Reims &#8211; Lens : Fofane lib\u00e8re le Racing \u00e0 Reims, revivez notre direct<\/a><br>-09\/05\/2022 <a href=\"https:\/\/www.lavoixdunord.fr\/1176680\/article\/2022-05-09\/rc-lens-s-arrachera-jusqu-au-bout-lance-jonathan-gradit\" target=\"_blank\" rel=\"noopener\">RC Lens : \u00ab On s\u2019arrachera jusqu\u2019au bout ! \u00bb, lance Jonathan Gradit<\/a><br><br><b>www.lunion.fr<\/b> :<br>-08\/05\/2022 <a href=\"https:\/\/www.lunion.fr\/id369342\/article\/2022-05-08\/football-ligue-1-les-reactions-des-entraineurs-apres-stade-de-reims-rc-lens\" target=\"_blank\" rel=\"noopener\">Les r\u00e9actions des entra\u00eeneurs apr\u00e8s Stade de Reims &#8211; RC Lens<\/a><br><br><b>news.maxifoot.fr<\/b> :<br>-08\/05\/2022 <a href=\"https:\/\/news.maxifoot.fr\/ligue-1\/reims-1-2-lens-fini-foot-368302.htm\" target=\"_blank\" rel=\"noopener\">L1 : Reims 1-2 Lens (fini)<\/a><br><br><b>www.butfootballclub.fr<\/b> :<br>-08\/05\/2022 <a href=\"https:\/\/www.butfootballclub.fr\/rc-lens\/actualite\/reims-rc-lens-les-quatre-lecons-a-retenir-de-la-victoire-poussive-des-sang-et-or-772529\" target=\"_blank\" rel=\"noopener\">Reims &#8211; RC Lens : les quatre le\u00e7ons \u00e0 retenir de la victoire poussive des Sang et Or<\/a><br><br><b>www.sofoot.com<\/b> :<br>-08\/05\/2022 <a href=\"https:\/\/www.sofoot.com\/l-incroyable-communion-des-lensois-apres-la-victoire-a-reims-514376.html\" target=\"_blank\" rel=\"noopener\">L\u2019incroyable communion des Lensois apr\u00e8s la victoire \u00e0 Reims \/ Ligue 1 \/ J36 \/ Reims-Lens (1-2) \/ 8 mai 2022<\/a><\/p>\n\n\n\n<div class=\"wp-block-image\"><figure class=\"aligncenter size-full\"><img loading=\"lazy\" decoding=\"async\" width=\"173\" height=\"2\" src=\"https:\/\/www.sitercl.com\/News\/wp-content\/uploads\/2022\/03\/NAVIsep3.gif\" alt=\"\" class=\"wp-image-7319\"\/><\/figure><\/div>\n\n\n\n<p><strong><em>Avant match&#8230;<\/em><\/strong><br><br><b>www.lequipe.fr<\/b> :<br>-06\/05\/2022 <a href=\"https:\/\/www.lequipe.fr\/Football\/Actualites\/Wesley-said-super-rentrant-de-lens-en-cette-fin-de-saison\/1331590\" target=\"_blank\" rel=\"noopener\">Wesley Sa\u00efd \u00ab super rentrant \u00bb de Lens en cette fin de saison<\/a><br>-04\/05\/2022 <a href=\"https:\/\/www.lequipe.fr\/Football\/Actualites\/Ligue-1-un-arbitre-portugais-pour-reims-lens\/1331238\" target=\"_blank\" rel=\"noopener\">Ligue 1 : un arbitre portugais pour Reims &#8211; Lens<\/a><br><br><b>www.lavoixdunord.fr<\/b> :<br>-06\/05\/2022 <a href=\"https:\/\/www.lavoixdunord.fr\/1175745\/article\/2022-05-06\/rc-lens-je-n-ai-jamais-vecu-une-telle-vie-de-groupe-souligne-wesley-said\" target=\"_blank\" rel=\"noopener\">RC Lens: \u00abJe n\u2019ai jamais v\u00e9cu une telle vie de groupe\u00bb, souligne Wesley Sa\u00efd<\/a><br>-06\/05\/2022 <a href=\"https:\/\/www.lavoixdunord.fr\/1175740\/article\/2022-05-06\/rc-lens-hormis-leca-un-racing-au-grand-complet-reims\" target=\"_blank\" rel=\"noopener\">RC Lens : hormis Leca, un Racing au grand complet \u00e0 Reims<\/a><br>-03\/05\/2022 <a href=\"https:\/\/www.lavoixdunord.fr\/1174328\/article\/2022-05-03\/rc-lens-les-supporters-interdits-de-deplacement-reims-hors-parcage\" target=\"_blank\" rel=\"noopener\">RC Lens : le d\u00e9placement des supporters \u00e0 Reims sera tr\u00e8s encadr\u00e9<\/a><br><br><b>madeinfoot.ouest-france.fr<\/b> :<br>-07\/05\/2022 <a href=\"https:\/\/madeinfoot.ouest-france.fr\/infos\/article-rc-lens-le-groupe-lensois-pour-affronter-le-stade-de-reims-377451.html\" target=\"_blank\" rel=\"noopener\">RC Lens : Le groupe lensois pour affronter le Stade de Reims<\/a><br>-07\/05\/2022 <a href=\"https:\/\/madeinfoot.ouest-france.fr\/infos\/article-stade-de-reims-le-groupe-remois-pour-la-reception-du-rc-lens-hugo-ekitike-de-retour-377460.html\" target=\"_blank\" rel=\"noopener\">Stade de Reims : Le groupe r\u00e9mois pour la r\u00e9ception du RC Lens, Hugo Ekitike de retour<\/a><br>-06\/05\/2022 <a href=\"https:\/\/madeinfoot.ouest-france.fr\/infos\/article-stade-de-reims-la-reception-du-rc-lens-un-challenge-difficile-pour-oscar-garcia-377367.html\" target=\"_blank\" rel=\"noopener\">Stade de Reims : La r\u00e9ception du RC Lens &#8211; \u00ab\u00a0un challenge difficile\u00a0\u00bb pour Oscar Garcia<\/a><br><br><b>www.lunion.fr<\/b> :<br>-06\/05\/2022 <a href=\"https:\/\/www.lunion.fr\/id368666\/article\/2022-05-06\/football-ligue-1-ekitike-peut-etre-de-retour-avec-le-stade-de-reims-contre-le-rc\" target=\"_blank\" rel=\"noopener\">\u00c9kitik\u00e9 \u00abpeut-\u00eatre\u00bb de retour avec le Stade de Reims contre le RC Lens<\/a><br><br><b>www.butfootballclub.fr<\/b> :<br>-06\/05\/2022 <a href=\"https:\/\/www.butfootballclub.fr\/rc-lens\/actualite\/rc-lens-haise-charge-la-lfp-pour-la-suspension-de-leca-772332\" target=\"_blank\" rel=\"noopener\">RC Lens : Haise charge la LFP pour la suspension de Leca<\/a><br><br><b>www.goal.com<\/b> :<br>-07\/05\/2022 <a href=\"https:\/\/www.goal.com\/fr\/news\/exclu-goal-christopher-wooh-but-construire-carriere\/blt21a06fcf07936e9b\" target=\"_blank\" rel=\"noopener\">[EXCLU GOAL] Christopher Wooh : \u00ab\u00a0Mon but c&rsquo;est de construire une carri\u00e8re\u00a0\u00bb<\/a><\/p>\n","protected":false},"excerpt":{"rendered":"<p>Retrouvez une s\u00e9lection d&rsquo;articles du Web sur la rencontre de la 36e journ\u00e9e de Ligue 1 Uber Eats entre le Stade de Reims et le RC Lens (1-2)&#8230; www.lavoixdunord.fr :-08\/05\/2022 RC Lens : pour l\u2019amour du risque-08\/05\/2022 Reims &#8211; Lens : Fofane lib\u00e8re le Racing \u00e0 Reims, revivez notre direct-09\/05\/2022 RC Lens : \u00ab On &hellip; <a href=\"https:\/\/www.sitercl.com\/News\/?p=7651\" class=\"more-link\">Continuer la lecture<span class=\"screen-reader-text\"> de &laquo;&nbsp;Revue du Web Reims &#8211; Lens&nbsp;&raquo;<\/span><\/a><\/p>\n","protected":false},"author":2,"featured_media":0,"comment_status":"closed","ping_status":"open","sticky":false,"template":"","format":"standard","meta":{"footnotes":""},"categories":[6],"tags":[13,151,59],"class_list":["post-7651","post","type-post","status-publish","format-standard","hentry","category-revue-du-web","tag-internet","tag-ligue-1","tag-reims"],"_links":{"self":[{"href":"https:\/\/www.sitercl.com\/News\/index.php?rest_route=\/wp\/v2\/posts\/7651","targetHints":{"allow":["GET"]}}],"collection":[{"href":"https:\/\/www.sitercl.com\/News\/index.php?rest_route=\/wp\/v2\/posts"}],"about":[{"href":"https:\/\/www.sitercl.com\/News\/index.php?rest_route=\/wp\/v2\/types\/post"}],"author":[{"embeddable":true,"href":"https:\/\/www.sitercl.com\/News\/index.php?rest_route=\/wp\/v2\/users\/2"}],"replies":[{"embeddable":true,"href":"https:\/\/www.sitercl.com\/News\/index.php?rest_route=%2Fwp%2Fv2%2Fcomments&post=7651"}],"version-history":[{"count":7,"href":"https:\/\/www.sitercl.com\/News\/index.php?rest_route=\/wp\/v2\/posts\/7651\/revisions"}],"predecessor-version":[{"id":7690,"href":"https:\/\/www.sitercl.com\/News\/index.php?rest_route=\/wp\/v2\/posts\/7651\/revisions\/7690"}],"wp:attachment":[{"href":"https:\/\/www.sitercl.com\/News\/index.php?rest_route=%2Fwp%2Fv2%2Fmedia&parent=7651"}],"wp:term":[{"taxonomy":"category","embeddable":true,"href":"https:\/\/www.sitercl.com\/News\/index.php?rest_route=%2Fwp%2Fv2%2Fcategories&post=7651"},{"taxonomy":"post_tag","embeddable":true,"href":"https:\/\/www.sitercl.com\/News\/index.php?rest_route=%2Fwp%2Fv2%2Ftags&post=7651"}],"curies":[{"name":"wp","href":"https:\/\/api.w.org\/{rel}","templated":true}]}}