{"id":7756,"date":"2022-05-20T19:57:20","date_gmt":"2022-05-20T17:57:20","guid":{"rendered":"https:\/\/www.sitercl.com\/News\/?p=7756"},"modified":"2022-05-22T14:27:24","modified_gmt":"2022-05-22T12:27:24","slug":"revue-du-web-lens-monaco-3","status":"publish","type":"post","link":"https:\/\/www.sitercl.com\/News\/?p=7756","title":{"rendered":"Revue du web : Lens &#8211; Monaco"},"content":{"rendered":"\n<div class=\"wp-block-image\"><figure class=\"alignright size-full\"><img loading=\"lazy\" decoding=\"async\" width=\"150\" height=\"106\" src=\"https:\/\/www.sitercl.com\/News\/wp-content\/uploads\/2019\/01\/clavball.png\" alt=\"\" class=\"wp-image-587\"\/><\/figure><\/div>\n\n\n\n<p>Retrouvez une s\u00e9lection d&rsquo;articles du Web pour la derni\u00e8re rencontre de la saison 2021\/22 des Sang et Or, RC Lens &#8211; AS Monaco (2-2)&#8230;<\/p>\n\n\n\n<p><b>www.lavoixdunord.fr<\/b> :<br>-22\/05\/2022 <a href=\"https:\/\/www.lavoixdunord.fr\/1183098\/article\/2022-05-22\/lens-monaco-les-sang-et-or-magnifiques-jusqu-au-bout\" target=\"_blank\" rel=\"noopener\">Lens &#8211; Monaco : les Sang et Or magnifiques jusqu\u2019au bout<\/a><br>-22\/05\/2022 <a href=\"https:\/\/www.lavoixdunord.fr\/1183099\/article\/2022-05-22\/rc-lens-seko-fofana-lens-rester-toujours-dans-mon-coeur\" target=\"_blank\" rel=\"noopener\">RC Lens : \u00ab Lens restera toujours dans mon c\u0153ur \u00bb, l\u00e2che Seko Fofana &#8211;<\/a><br>-22\/05\/2022 <a href=\"https:\/\/www.lavoixdunord.fr\/1183093\/article\/2022-05-22\/rc-lens-le-seul-sentiment-c-est-la-fierte-juge-franck-haise\" target=\"_blank\" rel=\"noopener\">RC Lens : \u00ab Le seul sentiment, c\u2019est la fiert\u00e9 \u00bb, juge Franck Haise<\/a><br><br><b>www.lequipe.fr<\/b> :<br>-22\/05\/2022 <a href=\"https:\/\/www.lequipe.fr\/Football\/Actualites\/Philippe-clement-monaco-la-deception-est-grande\/1334394\" target=\"_blank\" rel=\"noopener\">Philippe Clement (Monaco) : \u00ab La d\u00e9ception est grande \u00bb<\/a><br><br><b>www.francebleu.fr<\/b> :<br>-21\/05\/2022 <a href=\"https:\/\/www.francebleu.fr\/sports\/football\/direct-l1-une-derniere-pour-l-histoire-a-lens-avec-la-reception-de-monaco-1653150234\" target=\"_blank\" rel=\"noopener\">Ligue 1 :Pas d&rsquo;Europe pour le RC Lens, qui tient t\u00eate \u00e0 Monaco pour la derni\u00e8re de Cahuzac<\/a><br><br><b>news.maxifoot.fr<\/b> :<br>-21\/05\/2022 <a href=\"https:\/\/news.maxifoot.fr\/ligue-1\/lens-2-2-monaco-fini-foot-369084.htm\" target=\"_blank\" rel=\"noopener\">L1 : Lens 2-2 Monaco (fini)<\/a><br><br><b>sports.orange.fr<\/b> :<br>-21\/05\/2022 <a href=\"https:\/\/sports.orange.fr\/football\/ligue-1\/debrief\/l1-j38-monaco-douche-a-lens-CNT000001Nnv2U.html\" target=\"_blank\" rel=\"noopener\">L1 (J38) : Monaco douch\u00e9 \u00e0 Lens !<\/a><br><br><b>www.monaco-tribune.com<\/b> :<br>-22\/05\/2022 <a href=\"https:\/\/www.monaco-tribune.com\/2022\/05\/ligue-1-las-monaco-termine-une-nouvelle-fois-sur-le-podium\/\" target=\"_blank\" rel=\"noopener\">Ligue 1 : L&rsquo;AS Monaco termine une nouvelle fois sur le podium<\/a><br><br><b>www.nicematin.com<\/b> :<br>-22\/05\/2022 <a href=\"https:\/\/www.nicematin.com\/football\/les-notes-des-joueurs-de-las-monaco-apres-leur-match-nul-face-a-lens-samedi-soir-768847\" target=\"_blank\" rel=\"noopener\">Les notes des joueurs de l&rsquo;AS Monaco apr\u00e8s leur match nul face \u00e0 Lens samedi soir<\/a><br><br><b>madeinfoot.ouest-france.fr<\/b> :<br>-22\/05\/2022 <a href=\"https:\/\/madeinfoot.ouest-france.fr\/infos\/article-as-monaco-wissam-ben-yedder-tres-decu-d-avoir-perdu-la-deuxieme-place-379172.html\" target=\"_blank\" rel=\"noopener\">AS Monaco : Wissam Ben Yedder tr\u00e8s d\u00e9\u00e7u d&rsquo;avoir perdu la deuxi\u00e8me place<\/a><br><br><b>www.sofoot.com<\/b> :<br>-22\/05\/2022 <a href=\"https:\/\/www.sofoot.com\/rc-lens-merci-pour-cette-saison-514936.html\" target=\"_blank\" rel=\"noopener\">RC Lens, merci pour cette saison<\/a><\/p>\n\n\n\n<div class=\"wp-block-image\"><figure class=\"aligncenter size-full\"><img loading=\"lazy\" decoding=\"async\" width=\"173\" height=\"2\" src=\"https:\/\/www.sitercl.com\/News\/wp-content\/uploads\/2022\/03\/NAVIsep3.gif\" alt=\"\" class=\"wp-image-7319\"\/><\/figure><\/div>\n\n\n\n<p><strong><em>Avant match&#8230;<\/em><\/strong><br><br><b>www.lavoixdunord.fr<\/b> :<br>-21\/05\/2022 <a href=\"https:\/\/www.lavoixdunord.fr\/1182662\/article\/2022-05-21\/rc-lens-basculerait-bien-encore-dans-l-irrationnel\" target=\"_blank\" rel=\"noopener\">RC Lens : on basculerait bien encore dans l\u2019irrationnel<\/a><br>-20\/05\/2022 <a href=\"https:\/\/www.lavoixdunord.fr\/1182615\/article\/2022-05-20\/rc-lens-yannick-cahuzac-j-essaie-de-profiter-de-mes-dernieres-heures\" target=\"_blank\" rel=\"noopener\">RC Lens, Yannick Cahuzac: \u00abJ\u2019essaie de profiter de mes derni\u00e8res heures\u00bb<\/a><br>-20\/05\/2022 <a href=\"https:\/\/www.lavoixdunord.fr\/1182447\/article\/2022-05-20\/rc-lens-sans-kakuta-ni-leca-contre-monaco\" target=\"_blank\" rel=\"noopener\">RC Lens : sans Kakuta ni Leca contre Monaco<\/a><br>-19\/05\/2022 <a href=\"https:\/\/www.lavoixdunord.fr\/1182106\/article\/2022-05-19\/rc-lens-n-rien-vole-s-est-donne-le-droit-de-rever-assure-jonathan-gradit#\" target=\"_blank\" rel=\"noopener\">RC Lens : \u00ab On n\u2019a rien vol\u00e9, on s\u2019est donn\u00e9 le droit de r\u00eaver \u00bb, assure Jonathan Gradit<\/a><br>-16\/05\/2022 <a rel=\"noopener\" href=\"https:\/\/www.lavoixdunord.fr\/1179726\/article\/2022-05-16\/rc-lens-face-monaco-les-sang-et-or-joueront-gros\" target=\"_blank\">RC Lens : face \u00e0 Monaco, les Sang et Or joueront gros<\/a><br>-17\/05\/2022 <a href=\"https:\/\/www.lavoixdunord.fr\/1180640\/article\/2022-05-17\/rc-lens-pres-de-700-bornes-velo-pour-venir-assister-au-dernier-match-de-la\" target=\"_blank\" rel=\"noopener\">RC Lens : pr\u00e8s de 700 bornes \u00e0 v\u00e9lo pour venir assister au dernier match de la saison<\/a><br>-19\/05\/2022 <a href=\"https:\/\/www.lavoixdunord.fr\/1182191\/article\/2022-05-19\/equipe-de-france-le-lensois-jonathan-clauss-est-dans-le-bon-wagon\" target=\"_blank\" rel=\"noopener\">\u00c9quipe de France : le Lensois Jonathan Clauss est dans le bon wagon<\/a><br>-20\/05\/2022 <a href=\"https:\/\/www.lavoixdunord.fr\/1182486\/article\/2022-05-20\/rc-lens-jean-louis-leca-mis-pied-une-semaine\" target=\"_blank\" rel=\"noopener\">RC Lens : Jean-Louis Leca mis \u00e0 pied une semaine ?<\/a><br><br><b>www.lequipe.fr<\/b> :<br>-20\/05\/2022 <a href=\"https:\/\/www.lequipe.fr\/Football\/Actualites\/Rc-lens-gael-kakuta-et-jean-louis-leca-forfait-pour-monaco\/1334056\" target=\"_blank\" rel=\"noopener\">RC Lens : Ga\u00ebl Kakuta et Jean-Louis Leca forfait pour Monaco<\/a><br>-20\/05\/2022 <a href=\"https:\/\/www.lequipe.fr\/Football\/Actualites\/Monaco-sans-fabregas-diatta-ni-mannone-a-lens\/1334142\" target=\"_blank\" rel=\"noopener\">Monaco sans Fabregas, Diatta, ni Mannone \u00e0 Lens<\/a><br>-19\/05\/2022 <a href=\"https:\/\/www.lequipe.fr\/Football\/Actualites\/Philippe-clement-entraineur-de-monaco-c-est-la-premiere-fois-que-nous-n-avons-rien-a-perdre\/1333880\" target=\"_blank\" rel=\"noopener\">Philippe Clement, entra\u00eeneur de Monaco : \u00ab C&rsquo;est la premi\u00e8re fois que nous n&rsquo;avons rien \u00e0 perdre \u00bb<\/a><br><br><b>www.bfmtv.com<\/b> :<br>-16\/05\/2022 <a href=\"https:\/\/www.bfmtv.com\/grand-lille\/replay-emissions\/kop-nord\/ligue-1-quelles-sont-les-chances-du-rc-lens-pour-l-europe_VN-202205160628.html\" target=\"_blank\" rel=\"noopener\">Ligue 1: quelles sont les chances du RC Lens pour l&rsquo;Europe?<\/a><br><br><b>madeinfoot.ouest-france.fr<\/b> :<br>-21\/05\/2022 <a href=\"https:\/\/madeinfoot.ouest-france.fr\/infos\/article-ligue-1-rc-lens-as-monaco-les-compos-probables-379006.html\" target=\"_blank\" rel=\"noopener\">Ligue 1 : RC Lens &#8211; AS Monaco : les compos probables<\/a><br>-19\/05\/2022 <a href=\"https:\/\/madeinfoot.ouest-france.fr\/infos\/article-ligue-1-rc-lens-as-monaco-le-stade-bollaert-a-guichets-fermes-378726.html\" target=\"_blank\" rel=\"noopener\">Ligue 1 : RC Lens &#8211; AS Monaco : Le stade Bollaert \u00e0 guichets ferm\u00e9s !<\/a><br><br><b>www.butfootballclub.fr<\/b> :<br>-20\/05\/2022 <a href=\"https:\/\/www.butfootballclub.fr\/rc-lens\/actualite\/rc-lens-as-monaco-les-supporters-des-sang-et-or-ne-veulent-pas-d-un-envahissement-de-terrain-a-la-fin-du-match-774052\" target=\"_blank\" rel=\"noopener\">RC Lens &#8211; AS Monaco : les supporters lensois veulent \u00e9viter les probl\u00e8mes en cas de qualification europ\u00e9enne<\/a><br><br><b>france3-regions.francetvinfo.fr<\/b> :<br>-21\/05\/2022 <a href=\"https:\/\/france3-regions.francetvinfo.fr\/hauts-de-france\/pas-calais\/lens\/ligue-1-le-rc-lens-doit-sortir-le-grand-jeu-face-a-monaco-pour-esperer-decrocher-l-europe-2547012.html\" target=\"_blank\" rel=\"noopener\">Ligue 1 : le RC Lens doit sortir le grand jeu face \u00e0 Monaco pour esp\u00e9rer d\u00e9crocher l&rsquo;Europe<\/a><br><br><b>actu.fr<\/b> :<br>-20\/05\/2022 <a href=\"https:\/\/actu.fr\/hauts-de-france\/lens_62498\/ligue-1-pour-rever-d-europe-le-rc-lens-devra-faire-le-meilleur-match-possible-face-a-monaco_51127998.html\" target=\"_blank\" rel=\"noopener\">Ligue 1. Pour r\u00eaver d&rsquo;Europe, le RC Lens devra \u00ab\u00a0faire le meilleur match possible\u00a0\u00bb face \u00e0 Monaco<\/a><\/p>\n","protected":false},"excerpt":{"rendered":"<p>Retrouvez une s\u00e9lection d&rsquo;articles du Web pour la derni\u00e8re rencontre de la saison 2021\/22 des Sang et Or, RC Lens &#8211; AS Monaco (2-2)&#8230; www.lavoixdunord.fr :-22\/05\/2022 Lens &#8211; Monaco : les Sang et Or magnifiques jusqu\u2019au bout-22\/05\/2022 RC Lens : \u00ab Lens restera toujours dans mon c\u0153ur \u00bb, l\u00e2che Seko Fofana &#8211;-22\/05\/2022 RC Lens : &hellip; <a href=\"https:\/\/www.sitercl.com\/News\/?p=7756\" class=\"more-link\">Continuer la lecture<span class=\"screen-reader-text\"> de &laquo;&nbsp;Revue du web : Lens &#8211; Monaco&nbsp;&raquo;<\/span><\/a><\/p>\n","protected":false},"author":2,"featured_media":0,"comment_status":"closed","ping_status":"open","sticky":false,"template":"","format":"standard","meta":{"footnotes":""},"categories":[6],"tags":[13,151,222],"class_list":["post-7756","post","type-post","status-publish","format-standard","hentry","category-revue-du-web","tag-internet","tag-ligue-1","tag-monaco"],"_links":{"self":[{"href":"https:\/\/www.sitercl.com\/News\/index.php?rest_route=\/wp\/v2\/posts\/7756","targetHints":{"allow":["GET"]}}],"collection":[{"href":"https:\/\/www.sitercl.com\/News\/index.php?rest_route=\/wp\/v2\/posts"}],"about":[{"href":"https:\/\/www.sitercl.com\/News\/index.php?rest_route=\/wp\/v2\/types\/post"}],"author":[{"embeddable":true,"href":"https:\/\/www.sitercl.com\/News\/index.php?rest_route=\/wp\/v2\/users\/2"}],"replies":[{"embeddable":true,"href":"https:\/\/www.sitercl.com\/News\/index.php?rest_route=%2Fwp%2Fv2%2Fcomments&post=7756"}],"version-history":[{"count":18,"href":"https:\/\/www.sitercl.com\/News\/index.php?rest_route=\/wp\/v2\/posts\/7756\/revisions"}],"predecessor-version":[{"id":7803,"href":"https:\/\/www.sitercl.com\/News\/index.php?rest_route=\/wp\/v2\/posts\/7756\/revisions\/7803"}],"wp:attachment":[{"href":"https:\/\/www.sitercl.com\/News\/index.php?rest_route=%2Fwp%2Fv2%2Fmedia&parent=7756"}],"wp:term":[{"taxonomy":"category","embeddable":true,"href":"https:\/\/www.sitercl.com\/News\/index.php?rest_route=%2Fwp%2Fv2%2Fcategories&post=7756"},{"taxonomy":"post_tag","embeddable":true,"href":"https:\/\/www.sitercl.com\/News\/index.php?rest_route=%2Fwp%2Fv2%2Ftags&post=7756"}],"curies":[{"name":"wp","href":"https:\/\/api.w.org\/{rel}","templated":true}]}}