{"id":7842,"date":"2022-06-04T12:21:39","date_gmt":"2022-06-04T10:21:39","guid":{"rendered":"https:\/\/www.sitercl.com\/News\/?p=7842"},"modified":"2022-06-05T10:36:27","modified_gmt":"2022-06-05T08:36:27","slug":"les-legendes-du-rcl-face-aux-varietes-cf","status":"publish","type":"post","link":"https:\/\/www.sitercl.com\/News\/?p=7842","title":{"rendered":"Les l\u00e9gendes du RCL face aux Vari\u00e9t\u00e9s CF"},"content":{"rendered":"\n<div class=\"wp-block-image\"><figure class=\"alignright size-large\"><img decoding=\"async\" src=\"https:\/\/www.sitercl.com\/Navigat\/NAVI-rcl.gif\" alt=\"\"\/><\/figure><\/div>\n\n\n\n<p>Il y aura du monde au Stade de l&rsquo;\u00c9pop\u00e9e de Calais ce samedi \u00e0 partir de 16h. En effet, les l\u00e9gendes du RC Lens (Guillaume Warmuz, Erik Sikora, Vladimir Smicer, Jean-Guy Wallemme, Daniel Moreira, Aruna Dindane&#8230;) y affronteront les joueurs du Vari\u00e9t\u00e9s Club de France (Laurent Blanc, Christian Karembeu, Robert Pir\u00e8s, Mathieu Bodmer, Christophe Jallet, Cl\u00e9ment Chant\u00f4me&#8230;) pour un match au profit de l&rsquo;association <a href=\"http:\/\/lachanceauxenfants.fr\/\" target=\"_blank\" rel=\"noreferrer noopener\">La Chance aux Enfants<\/a> parrain\u00e9e par Gervais Martel, l&rsquo;ancien pr\u00e9sident des Sang et Or.<\/p>\n\n\n\n<p>Ce match de gala sera \u00e9galement l&rsquo;occasion de rendre hommage \u00e0 trois personnalit\u00e9s qui ont marqu\u00e9 l&rsquo;histoire du RC Lens : l&rsquo;entra\u00eeneur champion de France 1998 Daniel Leclercq, Marc-Vivien Fo\u00e9, d\u00e9c\u00e9d\u00e9 en plein match lors de la Coupe des Conf\u00e9d\u00e9rations en 2003, mais \u00e9galement Papa Bouba Diop, qui est d\u00e9c\u00e9d\u00e9 en 2020.<\/p>\n\n\n\n<p>Le coup d&rsquo;envoi de la rencontre sera donn\u00e9 par un tr\u00e8s grand nom du football fran\u00e7ais, Marius Tr\u00e9sor.<\/p>\n\n\n\n<p><em>M.a.j. Ce n&rsquo;est bien entendu pas ce qui compte mais pour info, le RC Lens s&rsquo;est impos\u00e9 5-1<\/em> !<\/p>\n","protected":false},"excerpt":{"rendered":"<p>Il y aura du monde au Stade de l&rsquo;\u00c9pop\u00e9e de Calais ce samedi \u00e0 partir de 16h. En effet, les l\u00e9gendes du RC Lens (Guillaume Warmuz, Erik Sikora, Vladimir Smicer, Jean-Guy Wallemme, Daniel Moreira, Aruna Dindane&#8230;) y affronteront les joueurs du Vari\u00e9t\u00e9s Club de France (Laurent Blanc, Christian Karembeu, Robert Pir\u00e8s, Mathieu Bodmer, Christophe Jallet, &hellip; <a href=\"https:\/\/www.sitercl.com\/News\/?p=7842\" class=\"more-link\">Continuer la lecture<span class=\"screen-reader-text\"> de &laquo;&nbsp;Les l\u00e9gendes du RCL face aux Vari\u00e9t\u00e9s CF&nbsp;&raquo;<\/span><\/a><\/p>\n","protected":false},"author":2,"featured_media":0,"comment_status":"closed","ping_status":"open","sticky":false,"template":"","format":"standard","meta":{"footnotes":""},"categories":[2],"tags":[77,116],"class_list":["post-7842","post","type-post","status-publish","format-standard","hentry","category-infos","tag-ancien","tag-solidarite"],"_links":{"self":[{"href":"https:\/\/www.sitercl.com\/News\/index.php?rest_route=\/wp\/v2\/posts\/7842","targetHints":{"allow":["GET"]}}],"collection":[{"href":"https:\/\/www.sitercl.com\/News\/index.php?rest_route=\/wp\/v2\/posts"}],"about":[{"href":"https:\/\/www.sitercl.com\/News\/index.php?rest_route=\/wp\/v2\/types\/post"}],"author":[{"embeddable":true,"href":"https:\/\/www.sitercl.com\/News\/index.php?rest_route=\/wp\/v2\/users\/2"}],"replies":[{"embeddable":true,"href":"https:\/\/www.sitercl.com\/News\/index.php?rest_route=%2Fwp%2Fv2%2Fcomments&post=7842"}],"version-history":[{"count":4,"href":"https:\/\/www.sitercl.com\/News\/index.php?rest_route=\/wp\/v2\/posts\/7842\/revisions"}],"predecessor-version":[{"id":7855,"href":"https:\/\/www.sitercl.com\/News\/index.php?rest_route=\/wp\/v2\/posts\/7842\/revisions\/7855"}],"wp:attachment":[{"href":"https:\/\/www.sitercl.com\/News\/index.php?rest_route=%2Fwp%2Fv2%2Fmedia&parent=7842"}],"wp:term":[{"taxonomy":"category","embeddable":true,"href":"https:\/\/www.sitercl.com\/News\/index.php?rest_route=%2Fwp%2Fv2%2Fcategories&post=7842"},{"taxonomy":"post_tag","embeddable":true,"href":"https:\/\/www.sitercl.com\/News\/index.php?rest_route=%2Fwp%2Fv2%2Ftags&post=7842"}],"curies":[{"name":"wp","href":"https:\/\/api.w.org\/{rel}","templated":true}]}}