{"id":7900,"date":"2022-06-16T19:07:06","date_gmt":"2022-06-16T17:07:06","guid":{"rendered":"https:\/\/www.sitercl.com\/News\/?p=7900"},"modified":"2022-06-16T19:07:06","modified_gmt":"2022-06-16T17:07:06","slug":"dautres-matches-de-preparation","status":"publish","type":"post","link":"https:\/\/www.sitercl.com\/News\/?p=7900","title":{"rendered":"D&rsquo;autres matches de pr\u00e9paration&#8230;"},"content":{"rendered":"<div class=\"wp-block-image\">\n<figure class=\"alignright size-full\"><img loading=\"lazy\" decoding=\"async\" width=\"140\" height=\"200\" src=\"https:\/\/www.sitercl.com\/News\/wp-content\/uploads\/2019\/01\/tabfoot.jpg\" alt=\"\" class=\"wp-image-449\"\/><\/figure>\n<\/div>\n\n\n<p>Si on vous \u00e9voquait un match de pr\u00e9paration du RC Lens face \u00e0 Valenciennes gr\u00e2ce \u00e0 la communication du programme d&rsquo;avant saison du club du Hainaut, le club Sang et Or a lui aussi communiqu\u00e9 ce jeudi sur plusieurs matches amicaux&#8230;<\/p>\n\n\n\n<p>&#8211;\u00a0RC Lens-Paris\u00a0FC, le 2 juillet au Stade de l\u2019Epop\u00e9e (Calais) \u00e0 15h (horaire sous r\u00e9serve de modification)<br>&#8211;\u00a0RC Lens-Valenciennes FC, le 8 juillet \u00e0 la Gaillette \u00e0 16h (huis clos)<br>&#8211;\u00a0Rodez AF-RC Lens, le 16 juillet au stade Paul-Lignon (Rodez) \u00e0 10h30<br>&#8211;\u00a0Clermont Foot 63-RC Lens, le 16 juillet au stade Paul-Lignon\u00a0(Rodez)\u00a0\u00e0 16h<br>&#8211;\u00a0RC Lens-Adversaire \u00e0 d\u00e9finir, le 23 juillet au stade Bollaert-Delelis<br>&#8211;\u00a0RC Lens- Adversaire \u00e0 d\u00e9finir, le 30 juillet au stade Bollaert-Delelis<\/p>\n\n\n\n<p>\u00c0\u00a0noter que ce planning est pour le moment pr\u00e9visionnel&#8230;<\/p>\n","protected":false},"excerpt":{"rendered":"<p>Si on vous \u00e9voquait un match de pr\u00e9paration du RC Lens face \u00e0 Valenciennes gr\u00e2ce \u00e0 la communication du programme d&rsquo;avant saison du club du Hainaut, le club Sang et Or a lui aussi communiqu\u00e9 ce jeudi sur plusieurs matches amicaux&#8230; &#8211;\u00a0RC Lens-Paris\u00a0FC, le 2 juillet au Stade de l\u2019Epop\u00e9e (Calais) \u00e0 15h (horaire sous &hellip; <a href=\"https:\/\/www.sitercl.com\/News\/?p=7900\" class=\"more-link\">Continuer la lecture<span class=\"screen-reader-text\"> de &laquo;&nbsp;D&rsquo;autres matches de pr\u00e9paration&#8230;&nbsp;&raquo;<\/span><\/a><\/p>\n","protected":false},"author":2,"featured_media":0,"comment_status":"closed","ping_status":"open","sticky":false,"template":"","format":"standard","meta":{"footnotes":""},"categories":[2],"tags":[36,26,166,111,240,22],"class_list":["post-7900","post","type-post","status-publish","format-standard","hentry","category-infos","tag-calendrier","tag-clermont-foot","tag-match-amical","tag-paris-fc","tag-rodez","tag-valenciennes"],"_links":{"self":[{"href":"https:\/\/www.sitercl.com\/News\/index.php?rest_route=\/wp\/v2\/posts\/7900","targetHints":{"allow":["GET"]}}],"collection":[{"href":"https:\/\/www.sitercl.com\/News\/index.php?rest_route=\/wp\/v2\/posts"}],"about":[{"href":"https:\/\/www.sitercl.com\/News\/index.php?rest_route=\/wp\/v2\/types\/post"}],"author":[{"embeddable":true,"href":"https:\/\/www.sitercl.com\/News\/index.php?rest_route=\/wp\/v2\/users\/2"}],"replies":[{"embeddable":true,"href":"https:\/\/www.sitercl.com\/News\/index.php?rest_route=%2Fwp%2Fv2%2Fcomments&post=7900"}],"version-history":[{"count":1,"href":"https:\/\/www.sitercl.com\/News\/index.php?rest_route=\/wp\/v2\/posts\/7900\/revisions"}],"predecessor-version":[{"id":7901,"href":"https:\/\/www.sitercl.com\/News\/index.php?rest_route=\/wp\/v2\/posts\/7900\/revisions\/7901"}],"wp:attachment":[{"href":"https:\/\/www.sitercl.com\/News\/index.php?rest_route=%2Fwp%2Fv2%2Fmedia&parent=7900"}],"wp:term":[{"taxonomy":"category","embeddable":true,"href":"https:\/\/www.sitercl.com\/News\/index.php?rest_route=%2Fwp%2Fv2%2Fcategories&post=7900"},{"taxonomy":"post_tag","embeddable":true,"href":"https:\/\/www.sitercl.com\/News\/index.php?rest_route=%2Fwp%2Fv2%2Ftags&post=7900"}],"curies":[{"name":"wp","href":"https:\/\/api.w.org\/{rel}","templated":true}]}}