{"id":8154,"date":"2022-08-12T19:24:07","date_gmt":"2022-08-12T17:24:07","guid":{"rendered":"https:\/\/www.sitercl.com\/News\/?p=8154"},"modified":"2022-08-12T19:24:07","modified_gmt":"2022-08-12T17:24:07","slug":"pas-de-championnat-des-pelouses","status":"publish","type":"post","link":"https:\/\/www.sitercl.com\/News\/?p=8154","title":{"rendered":"Pas de championnat des pelouses"},"content":{"rendered":"<div class=\"wp-block-image\">\n<figure class=\"alignright size-full\"><img loading=\"lazy\" decoding=\"async\" width=\"150\" height=\"101\" src=\"https:\/\/www.sitercl.com\/News\/wp-content\/uploads\/2018\/11\/lfp_l1l2.jpg\" alt=\"\" class=\"wp-image-74\"\/><\/figure>\n<\/div>\n\n\n<p>Si la saison pass\u00e9e, le stade Bollaert-Delelis avait vu sa pelouse finir 7e (comme le RCL donc au classement g\u00e9n\u00e9ral) du classement des pelouses, on ne pourra pas suivre ce m\u00eame classement en ce d\u00e9but de championnat 2022\/2023. En effet, dans le prolongement du lien constant entretenu par les clubs professionnels avec les services de l\u2019Etat, la Ligue de Football Professionnel a d\u00e9cid\u00e9 de suspendre jusqu\u2019\u00e0 nouvel ordre le championnat de France des pelouses en raison des tr\u00e8s fortes chaleurs et de la s\u00e9cheresse prolong\u00e9e.<\/p>\n\n\n\n<p>Toutefois l&rsquo;\u00e9tat des pelouses a quand m\u00eame de l&rsquo;importance et pour preuve, suite \u00e0 la double visite des d\u00e9l\u00e9gu\u00e9s de la LFP \u00e0 Lorient les 11 et 12 ao\u00fbt 2022, la commission des comp\u00e9titions de la LFP a constat\u00e9 que l\u2019\u00e9tat actuel de la pelouse du stade du Moustoir ne permettait pas d\u2019assurer la s\u00e9curit\u00e9 des acteurs du jeu pour la rencontre\u00a0FC Lorient \u2013 Olympique Lyonnais\u00a0programm\u00e9e le dimanche 14 ao\u00fbt \u00e0 13h00 dans le cadre de la 2e journ\u00e9e de Ligue 1 Uber Eats. En cons\u00e9quence, la commission des comp\u00e9titions de la LFP d\u00e9cide de reporter \u00e0 une date ult\u00e9rieure la rencontre.<\/p>\n","protected":false},"excerpt":{"rendered":"<p>Si la saison pass\u00e9e, le stade Bollaert-Delelis avait vu sa pelouse finir 7e (comme le RCL donc au classement g\u00e9n\u00e9ral) du classement des pelouses, on ne pourra pas suivre ce m\u00eame classement en ce d\u00e9but de championnat 2022\/2023. En effet, dans le prolongement du lien constant entretenu par les clubs professionnels avec les services de &hellip; <a href=\"https:\/\/www.sitercl.com\/News\/?p=8154\" class=\"more-link\">Continuer la lecture<span class=\"screen-reader-text\"> de &laquo;&nbsp;Pas de championnat des pelouses&nbsp;&raquo;<\/span><\/a><\/p>\n","protected":false},"author":2,"featured_media":0,"comment_status":"closed","ping_status":"open","sticky":false,"template":"","format":"standard","meta":{"footnotes":""},"categories":[2],"tags":[43,114,151,169,17],"class_list":["post-8154","post","type-post","status-publish","format-standard","hentry","category-infos","tag-classement","tag-lfp","tag-ligue-1","tag-pelouse","tag-programme"],"_links":{"self":[{"href":"https:\/\/www.sitercl.com\/News\/index.php?rest_route=\/wp\/v2\/posts\/8154","targetHints":{"allow":["GET"]}}],"collection":[{"href":"https:\/\/www.sitercl.com\/News\/index.php?rest_route=\/wp\/v2\/posts"}],"about":[{"href":"https:\/\/www.sitercl.com\/News\/index.php?rest_route=\/wp\/v2\/types\/post"}],"author":[{"embeddable":true,"href":"https:\/\/www.sitercl.com\/News\/index.php?rest_route=\/wp\/v2\/users\/2"}],"replies":[{"embeddable":true,"href":"https:\/\/www.sitercl.com\/News\/index.php?rest_route=%2Fwp%2Fv2%2Fcomments&post=8154"}],"version-history":[{"count":1,"href":"https:\/\/www.sitercl.com\/News\/index.php?rest_route=\/wp\/v2\/posts\/8154\/revisions"}],"predecessor-version":[{"id":8155,"href":"https:\/\/www.sitercl.com\/News\/index.php?rest_route=\/wp\/v2\/posts\/8154\/revisions\/8155"}],"wp:attachment":[{"href":"https:\/\/www.sitercl.com\/News\/index.php?rest_route=%2Fwp%2Fv2%2Fmedia&parent=8154"}],"wp:term":[{"taxonomy":"category","embeddable":true,"href":"https:\/\/www.sitercl.com\/News\/index.php?rest_route=%2Fwp%2Fv2%2Fcategories&post=8154"},{"taxonomy":"post_tag","embeddable":true,"href":"https:\/\/www.sitercl.com\/News\/index.php?rest_route=%2Fwp%2Fv2%2Ftags&post=8154"}],"curies":[{"name":"wp","href":"https:\/\/api.w.org\/{rel}","templated":true}]}}