{"id":8194,"date":"2022-08-16T15:43:50","date_gmt":"2022-08-16T13:43:50","guid":{"rendered":"https:\/\/www.sitercl.com\/News\/?p=8194"},"modified":"2022-08-16T15:43:51","modified_gmt":"2022-08-16T13:43:51","slug":"willy-delajod-au-sifflet","status":"publish","type":"post","link":"https:\/\/www.sitercl.com\/News\/?p=8194","title":{"rendered":"Willy DELAJOD au sifflet"},"content":{"rendered":"<div class=\"wp-block-image\">\n<figure class=\"alignright size-full\"><img loading=\"lazy\" decoding=\"async\" width=\"130\" height=\"130\" src=\"https:\/\/www.sitercl.com\/News\/wp-content\/uploads\/2018\/12\/sifflet.jpg\" alt=\"\" class=\"wp-image-270\"\/><\/figure>\n<\/div>\n\n\n<p>Les arbitres de la 3e journ\u00e9e de Ligue 1 Uber Eats sont connus et c&rsquo;est M. Willy DELAJOD qui a \u00e9t\u00e9 d\u00e9sign\u00e9 comme arbitre principal pour la rencontre de samedi entre Monaco et Lens.<\/p>\n\n\n\n<p>Ses assistants seront\u00a0Philippe JEANNE et Erwan FINJEAN. Le 4e arbitre sera Johan HAMEL. Les arbitres assistants vid\u00e9o seront Alexandre CASTRO et Aur\u00e9lien BERTHOMIEU.<\/p>\n\n\n\n<p>Willy DELAJOD (29 ans) \u00e9tait l&rsquo;arbitre de la rencontre prolifique en but de la 2e journ\u00e9e de championnat entre le PSG et Montpellier (5-2, 3 cartons jaune).<\/p>\n\n\n\n<p>La saison pass\u00e9e, il a arbitr\u00e9 trois matches des Lensois. Celui de la 4e journ\u00e9e de L1 entre le RC Lens et le FC Lorient (<a href=\"https:\/\/www.sitercl.com\/Matches\/2021-22\/Champion\/Domicile\/lorientf.htm\">2-2<\/a>) et celui de la 31e journ\u00e9e (<a href=\"https:\/\/www.sitercl.com\/Matches\/2021-22\/Champion\/Domicile\/niceogc.htm\">3-0<\/a>) face \u00e0 l&rsquo;OGC Nice. Mais on se souvient surtout de sa pr\u00e9sence lors du derby et\u00a0<a href=\"https:\/\/www.sitercl.com\/Matches\/2021-22\/France\/Domicile\/lilleosc.htm\">la qualification<\/a>\u00a0aux tirs au but des Sang et Or face aux Lillois lors du 16e de finale de la Coupe de France avec\u00a0<a href=\"https:\/\/www.sitercl.com\/News\/?p=6778\">un \u00e9change<\/a>\u00a0un peu particulier avec Seko Fofana.<\/p>\n","protected":false},"excerpt":{"rendered":"<p>Les arbitres de la 3e journ\u00e9e de Ligue 1 Uber Eats sont connus et c&rsquo;est M. Willy DELAJOD qui a \u00e9t\u00e9 d\u00e9sign\u00e9 comme arbitre principal pour la rencontre de samedi entre Monaco et Lens. Ses assistants seront\u00a0Philippe JEANNE et Erwan FINJEAN. Le 4e arbitre sera Johan HAMEL. Les arbitres assistants vid\u00e9o seront Alexandre CASTRO et &hellip; <a href=\"https:\/\/www.sitercl.com\/News\/?p=8194\" class=\"more-link\">Continuer la lecture<span class=\"screen-reader-text\"> de &laquo;&nbsp;Willy DELAJOD au sifflet&nbsp;&raquo;<\/span><\/a><\/p>\n","protected":false},"author":2,"featured_media":0,"comment_status":"closed","ping_status":"open","sticky":false,"template":"","format":"standard","meta":{"footnotes":""},"categories":[2],"tags":[53,151,222],"class_list":["post-8194","post","type-post","status-publish","format-standard","hentry","category-infos","tag-arbitre","tag-ligue-1","tag-monaco"],"_links":{"self":[{"href":"https:\/\/www.sitercl.com\/News\/index.php?rest_route=\/wp\/v2\/posts\/8194","targetHints":{"allow":["GET"]}}],"collection":[{"href":"https:\/\/www.sitercl.com\/News\/index.php?rest_route=\/wp\/v2\/posts"}],"about":[{"href":"https:\/\/www.sitercl.com\/News\/index.php?rest_route=\/wp\/v2\/types\/post"}],"author":[{"embeddable":true,"href":"https:\/\/www.sitercl.com\/News\/index.php?rest_route=\/wp\/v2\/users\/2"}],"replies":[{"embeddable":true,"href":"https:\/\/www.sitercl.com\/News\/index.php?rest_route=%2Fwp%2Fv2%2Fcomments&post=8194"}],"version-history":[{"count":1,"href":"https:\/\/www.sitercl.com\/News\/index.php?rest_route=\/wp\/v2\/posts\/8194\/revisions"}],"predecessor-version":[{"id":8195,"href":"https:\/\/www.sitercl.com\/News\/index.php?rest_route=\/wp\/v2\/posts\/8194\/revisions\/8195"}],"wp:attachment":[{"href":"https:\/\/www.sitercl.com\/News\/index.php?rest_route=%2Fwp%2Fv2%2Fmedia&parent=8194"}],"wp:term":[{"taxonomy":"category","embeddable":true,"href":"https:\/\/www.sitercl.com\/News\/index.php?rest_route=%2Fwp%2Fv2%2Fcategories&post=8194"},{"taxonomy":"post_tag","embeddable":true,"href":"https:\/\/www.sitercl.com\/News\/index.php?rest_route=%2Fwp%2Fv2%2Ftags&post=8194"}],"curies":[{"name":"wp","href":"https:\/\/api.w.org\/{rel}","templated":true}]}}