{"id":8203,"date":"2022-08-19T22:06:55","date_gmt":"2022-08-19T20:06:55","guid":{"rendered":"https:\/\/www.sitercl.com\/News\/?p=8203"},"modified":"2022-08-19T22:06:56","modified_gmt":"2022-08-19T20:06:56","slug":"les-groupes-pour-monaco-lens-3","status":"publish","type":"post","link":"https:\/\/www.sitercl.com\/News\/?p=8203","title":{"rendered":"Les groupes pour Monaco &#8211; Lens"},"content":{"rendered":"<div class=\"wp-block-image\">\n<figure class=\"alignright size-full\"><img loading=\"lazy\" decoding=\"async\" width=\"137\" height=\"150\" src=\"https:\/\/www.sitercl.com\/News\/wp-content\/uploads\/2018\/12\/grpjoueu.jpg\" alt=\"\" class=\"wp-image-248\"\/><\/figure>\n<\/div>\n\n\n<p>Voici les groupes convoqu\u00e9s pour la rencontre Monaco &#8211; Lens de ce samedi (coup d&rsquo;envoi \u00e0 17h) comptant pour la 3e journ\u00e9e de Ligue 1 Uber Eats.<\/p>\n\n\n\n<p><strong>Pour l&rsquo;AS Monaco<\/strong> :<br>Didillon, Lienard, N\u00fcbel &#8211; Aguilar, Badiashile, Caio Henrique, Disasi, Jakobs, Maripan, Sarr, Vanderson &#8211; Camara, Diatta, Diop, Fofana, Jean Lucas, Magassa, Gelson Martins, Golovin, Matazo, Minamino &#8211; Ben Yedder, Embolo, Volland.<\/p>\n\n\n\n<p>Mohamed Camara, la toute derni\u00e8re recrue de l&rsquo;ASM, f\u00eate sa premi\u00e8re apparition dans le groupe mon\u00e9gasque. Youssouf Fofana (suspension) et Myron Boadu (r\u00e9athl\u00e9tisation) sont, eux, indisponibles.<\/p>\n\n\n\n<p><strong>Pour le RC Lens<\/strong> :<br>Jean-Louis LECA,\u00a0Brice SAMBA; Jimmy CABOT, Kevin DANSO, Jonathan GRADIT, Massadio HA\u00cfDARA, Deiver MACHADO, Facundo MEDINA,\u00a0Christopher WOOH; Salis ABDUL SAMED,\u00a0Patrick BERG,\u00a0Seko FOFANA, Przemyslaw FRANKOWSKI,\u00a0Ga\u00ebl KAKUTA, David PEREIRA DA COSTA, Lukasz POREBA; Ignatius GANAGO, Lo\u00efs OPENDA,\u00a0Wesley SA\u00cfD, Florian SOTOCA.<\/p>\n\n\n\n<p>Les joueurs forfaits sont Adam BUKSA (pied) et Wuilker FARINEZ (genou). On constate la pr\u00e9sence dans le groupe de Ga\u00ebl KAKUTA pour la premi\u00e8re fois de la saison.<\/p>\n\n\n\n<p><strong>L&rsquo;arbitre<\/strong> : <a href=\"https:\/\/www.sitercl.com\/News\/?post_type=post&amp;p=8194\">pour rappel<\/a>, l&rsquo;arbitre de cette rencontre sera M. Willy DELAJOD.<\/p>\n","protected":false},"excerpt":{"rendered":"<p>Voici les groupes convoqu\u00e9s pour la rencontre Monaco &#8211; Lens de ce samedi (coup d&rsquo;envoi \u00e0 17h) comptant pour la 3e journ\u00e9e de Ligue 1 Uber Eats. Pour l&rsquo;AS Monaco :Didillon, Lienard, N\u00fcbel &#8211; Aguilar, Badiashile, Caio Henrique, Disasi, Jakobs, Maripan, Sarr, Vanderson &#8211; Camara, Diatta, Diop, Fofana, Jean Lucas, Magassa, Gelson Martins, Golovin, Matazo, &hellip; <a href=\"https:\/\/www.sitercl.com\/News\/?p=8203\" class=\"more-link\">Continuer la lecture<span class=\"screen-reader-text\"> de &laquo;&nbsp;Les groupes pour Monaco &#8211; Lens&nbsp;&raquo;<\/span><\/a><\/p>\n","protected":false},"author":2,"featured_media":0,"comment_status":"closed","ping_status":"open","sticky":false,"template":"","format":"standard","meta":{"footnotes":""},"categories":[2],"tags":[11,151,222],"class_list":["post-8203","post","type-post","status-publish","format-standard","hentry","category-infos","tag-groupes","tag-ligue-1","tag-monaco"],"_links":{"self":[{"href":"https:\/\/www.sitercl.com\/News\/index.php?rest_route=\/wp\/v2\/posts\/8203","targetHints":{"allow":["GET"]}}],"collection":[{"href":"https:\/\/www.sitercl.com\/News\/index.php?rest_route=\/wp\/v2\/posts"}],"about":[{"href":"https:\/\/www.sitercl.com\/News\/index.php?rest_route=\/wp\/v2\/types\/post"}],"author":[{"embeddable":true,"href":"https:\/\/www.sitercl.com\/News\/index.php?rest_route=\/wp\/v2\/users\/2"}],"replies":[{"embeddable":true,"href":"https:\/\/www.sitercl.com\/News\/index.php?rest_route=%2Fwp%2Fv2%2Fcomments&post=8203"}],"version-history":[{"count":2,"href":"https:\/\/www.sitercl.com\/News\/index.php?rest_route=\/wp\/v2\/posts\/8203\/revisions"}],"predecessor-version":[{"id":8207,"href":"https:\/\/www.sitercl.com\/News\/index.php?rest_route=\/wp\/v2\/posts\/8203\/revisions\/8207"}],"wp:attachment":[{"href":"https:\/\/www.sitercl.com\/News\/index.php?rest_route=%2Fwp%2Fv2%2Fmedia&parent=8203"}],"wp:term":[{"taxonomy":"category","embeddable":true,"href":"https:\/\/www.sitercl.com\/News\/index.php?rest_route=%2Fwp%2Fv2%2Fcategories&post=8203"},{"taxonomy":"post_tag","embeddable":true,"href":"https:\/\/www.sitercl.com\/News\/index.php?rest_route=%2Fwp%2Fv2%2Ftags&post=8203"}],"curies":[{"name":"wp","href":"https:\/\/api.w.org\/{rel}","templated":true}]}}