{"id":8205,"date":"2022-08-20T21:54:37","date_gmt":"2022-08-20T19:54:37","guid":{"rendered":"https:\/\/www.sitercl.com\/News\/?p=8205"},"modified":"2022-08-21T10:45:08","modified_gmt":"2022-08-21T08:45:08","slug":"revue-du-web-monaco-lens-2","status":"publish","type":"post","link":"https:\/\/www.sitercl.com\/News\/?p=8205","title":{"rendered":"Revue du Web : Monaco &#8211; Lens"},"content":{"rendered":"<div class=\"wp-block-image\">\n<figure class=\"alignright size-full\"><img loading=\"lazy\" decoding=\"async\" width=\"150\" height=\"106\" src=\"https:\/\/www.sitercl.com\/News\/wp-content\/uploads\/2019\/01\/clavball.png\" alt=\"\" class=\"wp-image-587\"\/><\/figure>\n<\/div>\n\n\n<p>Retrouvez une s\u00e9lection d&rsquo;articles du Web sur la rencontre de la 3e journ\u00e9e de Ligue 1 Uber Eats saison 2022\/2023 entre l&rsquo;AS Monaco et le RC Lens (1-4)&#8230;<\/p>\n\n\n\n<p><b>www.lequipe.fr<\/b> :<br>-20\/08\/2022 <a href=\"https:\/\/www.lequipe.fr\/Football\/Actualites\/Lens-s-impose-avec-autorite-a-monaco-et-prend-la-tete-de-la-ligue-1\/1349263\" target=\"_blank\" rel=\"noopener\">Lens s&rsquo;impose avec autorit\u00e9 \u00e0 Monaco et prend la t\u00eate de la Ligue 1<\/a><br><br><b>www.lavoixdunord.fr<\/b> :<br>-20\/08\/2022 <a href=\"https:\/\/www.lavoixdunord.fr\/1218670\/article\/2022-08-20\/ligue-1-des-lensois-princiers-dominent-monaco-1-4#\" target=\"_blank\" rel=\"noopener\">Ligue 1: des Lensois princiers dominent Monaco<\/a><br>-20\/08\/2022 <a href=\"https:\/\/www.lavoixdunord.fr\/1218676\/article\/2022-08-20\/rc-lens-un-de-nos-top-matchs-apprecie-franck-haise#\" target=\"_blank\" rel=\"noopener\">RC Lens : \u00ab Un de nos top matchs ! \u00bb, appr\u00e9cie Franck Haise<\/a><br>-20\/08\/2022 <a href=\"https:\/\/www.lavoixdunord.fr\/1218604\/article\/2022-08-20\/direct-monaco-lens-premier-gros-test-pour-les-sang-et-or-en-principaute\" target=\"_blank\" rel=\"noopener\">DIRECT. Lens frappe un grand coup \u00e0 Monaco (1-4)<\/a><br><br><b>www.sofoot.com<\/b> :<br>-20\/08\/2022 <a href=\"https:\/\/www.sofoot.com\/monaco-boit-la-tasse-face-a-lens-517829.html\" target=\"_blank\" rel=\"noopener\">Monaco boit la tasse face \u00e0 Lens \/ Ligue 1 \/ J3 \/ Monaco-Lens (1-4)<\/a><br><br><b>www.footmercato.net<\/b> :<br>-20\/08\/2022 <a href=\"https:\/\/www.footmercato.net\/a2782562762462671700-ligue-1-reduite-a-10-las-monaco-tombe-lourdement-face-au-rc-lens\" target=\"_blank\" rel=\"noopener\">Ligue 1 : r\u00e9duite \u00e0 10, l&rsquo;AS Monaco tombe lourdement face au RC Lens<\/a><br><br><b>www.eurosport.fr<\/b> :<br>-20\/08\/2022 <a href=\"https:\/\/www.eurosport.fr\/football\/ligue-1\/2022-2023\/ligue-1-3e-journee-monaco-deraille-contre-lens-1-4_sto9093541\/story.shtml\" target=\"_blank\" rel=\"noopener\">Ligue 1 &#8211; 3e journ\u00e9e : Monaco d\u00e9raille contre Lens (1-4)<\/a><br><br><b>madeinfoot.ouest-france.fr<\/b> :<br>-20\/08\/2022 <a href=\"https:\/\/madeinfoot.ouest-france.fr\/infos\/article-ligue-1-as-monaco-rc-lens-le-resume-et-les-notes-de-la-rencontre-387611.html\" target=\"_blank\" rel=\"noopener\">Ligue 1 : Le RC Lens corrige l&rsquo;AS Monaco et frappe un grand coup (analyse et notes)<\/a><br>-20\/08\/2022 <a href=\"https:\/\/madeinfoot.ouest-france.fr\/infos\/article-as-monaco-philippe-clement-debriefe-l-accident-face-au-rc-lens-387831.html\" target=\"_blank\" rel=\"noopener\">AS Monaco : Philippe Clement d\u00e9briefe \u00ab\u00a0l&rsquo;accident\u00a0\u00bb face au RC Lens<\/a><\/p>\n\n\n<div class=\"wp-block-image\">\n<figure class=\"aligncenter size-full\"><img loading=\"lazy\" decoding=\"async\" width=\"173\" height=\"2\" src=\"https:\/\/www.sitercl.com\/News\/wp-content\/uploads\/2022\/03\/NAVIsep3.gif\" alt=\"\" class=\"wp-image-7319\"\/><\/figure>\n<\/div>\n\n\n<p><strong><em>Avant match&#8230;<\/em><\/strong><br><br><b>www.lequipe.fr<\/b> :<br>-19\/08\/2022 <a href=\"https:\/\/www.lequipe.fr\/Football\/Actualites\/Gael-kakuta-de-retour-dans-le-groupe-de-lens-pour-affronter-monaco\/1349084\" target=\"_blank\" rel=\"noopener\">Ga\u00ebl Kakuta de retour dans le groupe de Lens pour affronter Monaco<\/a><br><br><b>www.lavoixdunord.fr<\/b> :<br>-20\/08\/2022 <a href=\"https:\/\/www.lavoixdunord.fr\/1218439\/article\/2022-08-20\/ligue-1-le-rc-lens-sur-la-voie-de-la-maturite-defensive\" target=\"_blank\" rel=\"noopener\">Ligue 1 : le RC Lens sur la voie de la maturit\u00e9 d\u00e9fensive<\/a><br>-18\/08\/2022 <a href=\"https:\/\/www.lavoixdunord.fr\/1217905\/article\/2022-08-18\/rc-lens-un-groupe-rode-aussi-au-jeu-du-mercato\" target=\"_blank\" rel=\"noopener\">RC Lens: un groupe rod\u00e9 aussi au jeu du mercato<\/a><br>-18\/08\/2022 <a href=\"https:\/\/www.lavoixdunord.fr\/1217745\/article\/2022-08-18\/rc-lens-seul-adam-buksa-manquera-monaco\" target=\"_blank\" rel=\"noopener\">RC Lens : seul Adam Buksa manquera \u00e0 Monaco<\/a><br><br><b>www.butfootballclub.fr<\/b> :<br>-19\/08\/2022 <a href=\"https:\/\/www.butfootballclub.fr\/rc-lens\/mercato\/rc-lens--fc-nantes-mercato-haise-annonce-une-bonne-nouvelle-pour-kakuta-785207\" target=\"_blank\" rel=\"noopener\">Mercato : Haise annonce une bonne nouvelle pour Kakuta<\/a><br><br><b>madeinfoot.ouest-france.fr<\/b> :<br>-19\/08\/2022 <a href=\"https:\/\/madeinfoot.ouest-france.fr\/infos\/article-as-monaco-le-groupe-monegasque-pour-la-reception-du-rc-lens-avec-mohamed-camara-387707.html\" target=\"_blank\" rel=\"noopener\">AS Monaco : Le groupe mon\u00e9gasque pour la r\u00e9ception du RC Lens, avec Mohamed Camara<\/a><br><br><b>le11hdf.fr<\/b> :<br>-19\/08\/2022 <a href=\"https:\/\/le11hdf.fr\/j3-monaco-rc-lens-les-compositions-probables\/\" target=\"_blank\" rel=\"noopener\">[J3] Monaco &#8211; RC Lens : les compositions probables<\/a><br>-19\/08\/2022 <a href=\"https:\/\/le11hdf.fr\/quelles-retrouvailles-entre-le-rc-lens-et-monaco\/\" target=\"_blank\" rel=\"noopener\">Quelles retrouvailles entre le RC Lens et Monaco ?<\/a><br>-18\/08\/2022 <a href=\"https:\/\/le11hdf.fr\/florian-sotoca-rc-lens-sils-ont-une-rancoeur-envers-nous\/\" target=\"_blank\" rel=\"noopener\">Florian Sotoca (RC Lens) : \u00ab S\u2019ils ont une ranc\u0153ur envers nous\u2026 \u00bb<\/a><br><br><b>sports.orange.fr<\/b> :<br>-19\/08\/2022 <a href=\"https:\/\/sports.orange.fr\/football\/ligue-1\/article\/monaco-clement-s-attend-a-un-match-interessant-contre-lens-CNT000001RtPte.html\" target=\"_blank\" rel=\"noopener\">Monaco : Clement s&rsquo;attend \u00e0 un \u00ab\u00a0match int\u00e9ressant\u00a0\u00bb contre Lens<\/a><br><br><b>www.beinsports.com<\/b> :<br>-20\/08\/2022 <a href=\"https:\/\/www.beinsports.com\/france\/ligue-1\/news\/lens-openda-une-sereine-montee-en-puissance\/1935091\" target=\"_blank\" rel=\"noopener\">Lens &#8211; Openda, une sereine mont\u00e9e en puissance<\/a><\/p>\n","protected":false},"excerpt":{"rendered":"<p>Retrouvez une s\u00e9lection d&rsquo;articles du Web sur la rencontre de la 3e journ\u00e9e de Ligue 1 Uber Eats saison 2022\/2023 entre l&rsquo;AS Monaco et le RC Lens (1-4)&#8230; www.lequipe.fr :-20\/08\/2022 Lens s&rsquo;impose avec autorit\u00e9 \u00e0 Monaco et prend la t\u00eate de la Ligue 1 www.lavoixdunord.fr :-20\/08\/2022 Ligue 1: des Lensois princiers dominent Monaco-20\/08\/2022 RC Lens &hellip; <a href=\"https:\/\/www.sitercl.com\/News\/?p=8205\" class=\"more-link\">Continuer la lecture<span class=\"screen-reader-text\"> de &laquo;&nbsp;Revue du Web : Monaco &#8211; Lens&nbsp;&raquo;<\/span><\/a><\/p>\n","protected":false},"author":2,"featured_media":0,"comment_status":"closed","ping_status":"open","sticky":false,"template":"","format":"standard","meta":{"footnotes":""},"categories":[6],"tags":[13,151,222],"class_list":["post-8205","post","type-post","status-publish","format-standard","hentry","category-revue-du-web","tag-internet","tag-ligue-1","tag-monaco"],"_links":{"self":[{"href":"https:\/\/www.sitercl.com\/News\/index.php?rest_route=\/wp\/v2\/posts\/8205","targetHints":{"allow":["GET"]}}],"collection":[{"href":"https:\/\/www.sitercl.com\/News\/index.php?rest_route=\/wp\/v2\/posts"}],"about":[{"href":"https:\/\/www.sitercl.com\/News\/index.php?rest_route=\/wp\/v2\/types\/post"}],"author":[{"embeddable":true,"href":"https:\/\/www.sitercl.com\/News\/index.php?rest_route=\/wp\/v2\/users\/2"}],"replies":[{"embeddable":true,"href":"https:\/\/www.sitercl.com\/News\/index.php?rest_route=%2Fwp%2Fv2%2Fcomments&post=8205"}],"version-history":[{"count":9,"href":"https:\/\/www.sitercl.com\/News\/index.php?rest_route=\/wp\/v2\/posts\/8205\/revisions"}],"predecessor-version":[{"id":8219,"href":"https:\/\/www.sitercl.com\/News\/index.php?rest_route=\/wp\/v2\/posts\/8205\/revisions\/8219"}],"wp:attachment":[{"href":"https:\/\/www.sitercl.com\/News\/index.php?rest_route=%2Fwp%2Fv2%2Fmedia&parent=8205"}],"wp:term":[{"taxonomy":"category","embeddable":true,"href":"https:\/\/www.sitercl.com\/News\/index.php?rest_route=%2Fwp%2Fv2%2Fcategories&post=8205"},{"taxonomy":"post_tag","embeddable":true,"href":"https:\/\/www.sitercl.com\/News\/index.php?rest_route=%2Fwp%2Fv2%2Ftags&post=8205"}],"curies":[{"name":"wp","href":"https:\/\/api.w.org\/{rel}","templated":true}]}}