{"id":8226,"date":"2022-08-23T11:56:23","date_gmt":"2022-08-23T09:56:23","guid":{"rendered":"https:\/\/www.sitercl.com\/News\/?p=8226"},"modified":"2022-08-25T11:12:38","modified_gmt":"2022-08-25T09:12:38","slug":"jonathan-varane-attendu-au-sporting-gijon","status":"publish","type":"post","link":"https:\/\/www.sitercl.com\/News\/?p=8226","title":{"rendered":"Jonathan Varane attendu au Sporting Gijon"},"content":{"rendered":"<div class=\"wp-block-image\">\n<figure class=\"alignright size-large\"><img decoding=\"async\" src=\"https:\/\/www.sitercl.com\/Fichejo\/V\/varanejo.gif\" alt=\"\"\/><\/figure>\n<\/div>\n\n\n<p>Libre apr\u00e8s la fin de son contrat\u00a0cet \u00e9t\u00e9 avec le RC Lens, Jonathan Varane (20 ans) va s&rsquo;engager deux ans (plus deux autres saisons en option selon <em>L&rsquo;Equipe<\/em>) au Sporting Gijon (D2). Le fr\u00e8re de Rapha\u00ebl Varane est attendu ce mardi en Espagne pour la traditionnelle visite m\u00e9dicale et la signature de son contrat. Pour rappel, il avait \u00e9t\u00e9 pr\u00eat\u00e9 la saison pass\u00e9e au club de Rodez.<\/p>\n","protected":false},"excerpt":{"rendered":"<p>Libre apr\u00e8s la fin de son contrat\u00a0cet \u00e9t\u00e9 avec le RC Lens, Jonathan Varane (20 ans) va s&rsquo;engager deux ans (plus deux autres saisons en option selon L&rsquo;Equipe) au Sporting Gijon (D2). Le fr\u00e8re de Rapha\u00ebl Varane est attendu ce mardi en Espagne pour la traditionnelle visite m\u00e9dicale et la signature de son contrat. Pour &hellip; <a href=\"https:\/\/www.sitercl.com\/News\/?p=8226\" class=\"more-link\">Continuer la lecture<span class=\"screen-reader-text\"> de &laquo;&nbsp;Jonathan Varane attendu au Sporting Gijon&nbsp;&raquo;<\/span><\/a><\/p>\n","protected":false},"author":2,"featured_media":0,"comment_status":"closed","ping_status":"open","sticky":false,"template":"","format":"standard","meta":{"footnotes":""},"categories":[2],"tags":[64,58,257],"class_list":["post-8226","post","type-post","status-publish","format-standard","hentry","category-infos","tag-mercato","tag-transfert","tag-varane"],"_links":{"self":[{"href":"https:\/\/www.sitercl.com\/News\/index.php?rest_route=\/wp\/v2\/posts\/8226","targetHints":{"allow":["GET"]}}],"collection":[{"href":"https:\/\/www.sitercl.com\/News\/index.php?rest_route=\/wp\/v2\/posts"}],"about":[{"href":"https:\/\/www.sitercl.com\/News\/index.php?rest_route=\/wp\/v2\/types\/post"}],"author":[{"embeddable":true,"href":"https:\/\/www.sitercl.com\/News\/index.php?rest_route=\/wp\/v2\/users\/2"}],"replies":[{"embeddable":true,"href":"https:\/\/www.sitercl.com\/News\/index.php?rest_route=%2Fwp%2Fv2%2Fcomments&post=8226"}],"version-history":[{"count":3,"href":"https:\/\/www.sitercl.com\/News\/index.php?rest_route=\/wp\/v2\/posts\/8226\/revisions"}],"predecessor-version":[{"id":8238,"href":"https:\/\/www.sitercl.com\/News\/index.php?rest_route=\/wp\/v2\/posts\/8226\/revisions\/8238"}],"wp:attachment":[{"href":"https:\/\/www.sitercl.com\/News\/index.php?rest_route=%2Fwp%2Fv2%2Fmedia&parent=8226"}],"wp:term":[{"taxonomy":"category","embeddable":true,"href":"https:\/\/www.sitercl.com\/News\/index.php?rest_route=%2Fwp%2Fv2%2Fcategories&post=8226"},{"taxonomy":"post_tag","embeddable":true,"href":"https:\/\/www.sitercl.com\/News\/index.php?rest_route=%2Fwp%2Fv2%2Ftags&post=8226"}],"curies":[{"name":"wp","href":"https:\/\/api.w.org\/{rel}","templated":true}]}}