{"id":8232,"date":"2022-08-26T19:13:45","date_gmt":"2022-08-26T17:13:45","guid":{"rendered":"https:\/\/www.sitercl.com\/News\/?p=8232"},"modified":"2022-08-27T18:04:14","modified_gmt":"2022-08-27T16:04:14","slug":"les-groupes-et-infos-sur-lens-rennes","status":"publish","type":"post","link":"https:\/\/www.sitercl.com\/News\/?p=8232","title":{"rendered":"Les groupes et infos sur Lens &#8211; Rennes"},"content":{"rendered":"<div class=\"wp-block-image\">\n<figure class=\"alignright size-full\"><img loading=\"lazy\" decoding=\"async\" width=\"137\" height=\"150\" src=\"https:\/\/www.sitercl.com\/News\/wp-content\/uploads\/2018\/12\/grpjoueu.jpg\" alt=\"\" class=\"wp-image-248\"\/><\/figure>\n<\/div>\n\n\n<p>Retrouvez les groupes convoqu\u00e9s pour la rencontre Lens &#8211; Rennes de ce samedi (coup d&rsquo;envoi \u00e0 21h) comptant pour la 4e journ\u00e9e de Ligue 1 Uber Eats&#8230;<\/p>\n\n\n\n<p><strong>Pour le RC Lens<\/strong> :<br>Jean-Louis LECA,&nbsp;Brice SAMBA; Jimmy CABOT, Kevin DANSO, Jonathan GRADIT, Massadio HA\u00cfDARA, Deiver MACHADO, Facundo MEDINA,&nbsp;Christopher WOOH; Salis ABDUL SAMED,&nbsp;Patrick BERG,&nbsp;Seko FOFANA, Przemyslaw FRANKOWSKI,&nbsp;Ga\u00ebl KAKUTA, David PEREIRA DA COSTA, Lukasz POREBA; Ignatius GANAGO, Lo\u00efs OPENDA,&nbsp;Wesley SA\u00cfD, Florian SOTOCA.<\/p>\n\n\n\n<p>Comme face \u00e0 Monaco, les joueurs forfaits sont Adam BUKSA (pied) et Wuilker FARINEZ (genou).<\/p>\n\n\n\n<p><strong>Pour le Stade Rennais FC<\/strong> :<br>Do\u011fan Alemdar, Elias Damergy, Steve Mandanda; Hamari Traor\u00e9, Lorenz Assignon, Joe Rodon, Lo\u00efc Bad\u00e9, Arthur Theate, Jeanu\u00ebl Belocian, Adrien Truffert, Birger Meling; Noah Fran\u00e7oise, Baptiste Santamaria, Benjamin Bourigeaud, D\u00e9sir\u00e9 Dou\u00e9, Flavien Tait; Matthis Abline, Martin Terrier, J\u00e9r\u00e9my Doku, Kamaldeen Sulemana, Ga\u00ebtan Laborde<\/p>\n\n\n\n<p>Arnaud Kalimuendo ne fera pas son retour \u00e0 Bollaert-Delelis, il s&rsquo;est bless\u00e9 \u00e0 l&rsquo;entra\u00eenement et souffre d&rsquo;une\u00a0l\u00e9sion musculaire. Lovro Majer ne sera pas non plus du voyage en Artois, op\u00e9r\u00e9 d\u2019une fracture du nez la semaine derni\u00e8re, il est forfait. Le gardien Steve Mandanda longtemps incertain est bien dans le groupe reste \u00e0 savoir s&rsquo;il ne sera pas trop juste. Romain Salin\u00a0et Lesley Ugochukwu sont eux forfaits apr\u00e8s leur exclusion contre Ajaccio le week-end dernier.<\/p>\n\n\n\n<p><strong>L&rsquo;arbitre <\/strong>: <a href=\"https:\/\/www.sitercl.com\/News\/?post_type=post&amp;p=8230\">pour rappel<\/a>, c&rsquo;est M. J\u00e9r\u00f4me BRISARD&nbsp;qui a \u00e9t\u00e9 d\u00e9sign\u00e9 arbitre principal de cette rencontre.<\/p>\n\n\n\n<p><strong>Quelques stats et infos<\/strong> :<\/p>\n\n\n\n<p>&#8211; Le RC Lens reste maintenant sur 11 matches officiels sans d\u00e9faite et on peut y ajouter les 6 rencontres amicales de pr\u00e9paration. Et \u00e0 domicile, le Racing n\u2019a plus perdu en Ligue 1 depuis le 5 mars dernier.<br>&#8211; le Stade Rennais est 9e du classement avec 4 points correspondant \u00e0 1 d\u00e9faite, 1 nul et 1 victoire (3 buts marqu\u00e9s et 3 buts encaiss\u00e9s) :<br>1\u00e8re journ\u00e9e, Rennes 0-1 FC Lorient<br>2\u00e8me journ\u00e9e, Monaco 1-1 Rennes<br>3\u00e8me journ\u00e9e, Rennes 2-1 AC Ajaccio<br>&#8211; Rennes a 3 buteurs \u00e0 un but : Theate A., Terrier M. et Laborde G.<br>&#8211; C&rsquo;est devenu une habitude, ce match se jouera \u00e0 guichets ferm\u00e9s \u00e0 Bollaert-Dellelis (9e de suite) \u00e0 noter toutefois, le <a rel=\"noreferrer noopener\" href=\"https:\/\/billetterie.rclens.fr\/fr\/product\/58\" target=\"_blank\">site officiel<\/a> a mis en place un nouveau syst\u00e8me de revente de places&#8230;<br>&#8211; Si les supporters Rennais n&rsquo;ont pas \u00e9t\u00e9 interdit, leur d\u00e9placement est toutefois encadr\u00e9 (rassemblement rue Marcel-Caron \u00e0 Li\u00e9vin&nbsp;\u00e0 19&nbsp;heures, pour \u00eatre ensuite escort\u00e9s jusqu\u2019au stade).<br>&#8211; Pour ceux qui n&rsquo;ont pas leur place, il sera possible de voir la rencontre sur Canal+ D\u00e9cal\u00e9.<br>&#8211; La saison pass\u00e9e, le RC Lens avait gagn\u00e9 sur son terrain (<a href=\"https:\/\/www.sitercl.com\/Matches\/2021-22\/Champion\/Domicile\/rennesst.htm\">1-0<\/a>) gr\u00e2ce \u00e0 un but de Sa\u00efd en fin de rencontre. Retour sur <a href=\"https:\/\/www.sitercl.com\/Clubs\/France\/rennesst.htm\">les derni\u00e8res confrontations<\/a> entre les deux clubs.<\/p>\n","protected":false},"excerpt":{"rendered":"<p>Retrouvez les groupes convoqu\u00e9s pour la rencontre Lens &#8211; Rennes de ce samedi (coup d&rsquo;envoi \u00e0 21h) comptant pour la 4e journ\u00e9e de Ligue 1 Uber Eats&#8230; Pour le RC Lens :Jean-Louis LECA,&nbsp;Brice SAMBA; Jimmy CABOT, Kevin DANSO, Jonathan GRADIT, Massadio HA\u00cfDARA, Deiver MACHADO, Facundo MEDINA,&nbsp;Christopher WOOH; Salis ABDUL SAMED,&nbsp;Patrick BERG,&nbsp;Seko FOFANA, Przemyslaw FRANKOWSKI,&nbsp;Ga\u00ebl KAKUTA, &hellip; <a href=\"https:\/\/www.sitercl.com\/News\/?p=8232\" class=\"more-link\">Continuer la lecture<span class=\"screen-reader-text\"> de &laquo;&nbsp;Les groupes et infos sur Lens &#8211; Rennes&nbsp;&raquo;<\/span><\/a><\/p>\n","protected":false},"author":2,"featured_media":0,"comment_status":"closed","ping_status":"open","sticky":false,"template":"","format":"standard","meta":{"footnotes":""},"categories":[2],"tags":[11,151,348,12],"class_list":["post-8232","post","type-post","status-publish","format-standard","hentry","category-infos","tag-groupes","tag-ligue-1","tag-rennes","tag-stats"],"_links":{"self":[{"href":"https:\/\/www.sitercl.com\/News\/index.php?rest_route=\/wp\/v2\/posts\/8232","targetHints":{"allow":["GET"]}}],"collection":[{"href":"https:\/\/www.sitercl.com\/News\/index.php?rest_route=\/wp\/v2\/posts"}],"about":[{"href":"https:\/\/www.sitercl.com\/News\/index.php?rest_route=\/wp\/v2\/types\/post"}],"author":[{"embeddable":true,"href":"https:\/\/www.sitercl.com\/News\/index.php?rest_route=\/wp\/v2\/users\/2"}],"replies":[{"embeddable":true,"href":"https:\/\/www.sitercl.com\/News\/index.php?rest_route=%2Fwp%2Fv2%2Fcomments&post=8232"}],"version-history":[{"count":3,"href":"https:\/\/www.sitercl.com\/News\/index.php?rest_route=\/wp\/v2\/posts\/8232\/revisions"}],"predecessor-version":[{"id":8246,"href":"https:\/\/www.sitercl.com\/News\/index.php?rest_route=\/wp\/v2\/posts\/8232\/revisions\/8246"}],"wp:attachment":[{"href":"https:\/\/www.sitercl.com\/News\/index.php?rest_route=%2Fwp%2Fv2%2Fmedia&parent=8232"}],"wp:term":[{"taxonomy":"category","embeddable":true,"href":"https:\/\/www.sitercl.com\/News\/index.php?rest_route=%2Fwp%2Fv2%2Fcategories&post=8232"},{"taxonomy":"post_tag","embeddable":true,"href":"https:\/\/www.sitercl.com\/News\/index.php?rest_route=%2Fwp%2Fv2%2Ftags&post=8232"}],"curies":[{"name":"wp","href":"https:\/\/api.w.org\/{rel}","templated":true}]}}