{"id":8339,"date":"2022-09-01T16:41:18","date_gmt":"2022-09-01T14:41:18","guid":{"rendered":"https:\/\/www.sitercl.com\/News\/?p=8339"},"modified":"2022-09-01T16:43:15","modified_gmt":"2022-09-01T14:43:15","slug":"encadrement-des-supporters-pour-reims","status":"publish","type":"post","link":"https:\/\/www.sitercl.com\/News\/?p=8339","title":{"rendered":"Encadrement des supporters pour Reims"},"content":{"rendered":"<div class=\"wp-block-image\">\n<figure class=\"alignright size-large\"><img decoding=\"async\" src=\"https:\/\/www.sitercl.com\/STADE0\/public.jpg\" alt=\"\"\/><\/figure>\n<\/div>\n\n\n<p>Alors que le club du stade de Reims avait pr\u00e9vu des emplacements sp\u00e9cifiques pour les supporters Sang et Or qui venaient directement sans passer par le RCL lors de la vente des tickets pour Reims &#8211; Lens de la 6e journ\u00e9e de championnat , le pr\u00e9fet de la Marne a d\u00e9cid\u00e9 lui de n\u2019autoriser dimanche que le d\u00e9placement des supporters lensois venant \u00e0 Reims en bus ou minibus !<\/p>\n\n\n\n<p>Ces derniers auront rendez-vous au p\u00e9age sur l\u2019A26 pour rejoindre ensuite le stade Delaune sous escorte polici\u00e8re. Comme d&rsquo;habitude, c&rsquo;est un <a href=\"https:\/\/www.marne.gouv.fr\/content\/download\/37405\/230709\/file\/SDR-RC+Lens_Arr%C3%AAt%C3%A9+portant+interdiction+de+p%C3%A9rim%C3%A8tre+et+utilisation+de+produits+dangereux.pdf\" target=\"_blank\" rel=\"noreferrer noopener\">inventaire \u00e0 la Pr\u00e9vert<\/a> d&rsquo;anciens incidents qui a \u00e9t\u00e9 donn\u00e9 pour prendre cette d\u00e9cision\u2026<\/p>\n","protected":false},"excerpt":{"rendered":"<p>Alors que le club du stade de Reims avait pr\u00e9vu des emplacements sp\u00e9cifiques pour les supporters Sang et Or qui venaient directement sans passer par le RCL lors de la vente des tickets pour Reims &#8211; Lens de la 6e journ\u00e9e de championnat , le pr\u00e9fet de la Marne a d\u00e9cid\u00e9 lui de n\u2019autoriser dimanche &hellip; <a href=\"https:\/\/www.sitercl.com\/News\/?p=8339\" class=\"more-link\">Continuer la lecture<span class=\"screen-reader-text\"> de &laquo;&nbsp;Encadrement des supporters pour Reims&nbsp;&raquo;<\/span><\/a><\/p>\n","protected":false},"author":2,"featured_media":0,"comment_status":"closed","ping_status":"open","sticky":false,"template":"","format":"standard","meta":{"footnotes":""},"categories":[2],"tags":[151,59,14],"class_list":["post-8339","post","type-post","status-publish","format-standard","hentry","category-infos","tag-ligue-1","tag-reims","tag-supporters"],"_links":{"self":[{"href":"https:\/\/www.sitercl.com\/News\/index.php?rest_route=\/wp\/v2\/posts\/8339","targetHints":{"allow":["GET"]}}],"collection":[{"href":"https:\/\/www.sitercl.com\/News\/index.php?rest_route=\/wp\/v2\/posts"}],"about":[{"href":"https:\/\/www.sitercl.com\/News\/index.php?rest_route=\/wp\/v2\/types\/post"}],"author":[{"embeddable":true,"href":"https:\/\/www.sitercl.com\/News\/index.php?rest_route=\/wp\/v2\/users\/2"}],"replies":[{"embeddable":true,"href":"https:\/\/www.sitercl.com\/News\/index.php?rest_route=%2Fwp%2Fv2%2Fcomments&post=8339"}],"version-history":[{"count":3,"href":"https:\/\/www.sitercl.com\/News\/index.php?rest_route=\/wp\/v2\/posts\/8339\/revisions"}],"predecessor-version":[{"id":8342,"href":"https:\/\/www.sitercl.com\/News\/index.php?rest_route=\/wp\/v2\/posts\/8339\/revisions\/8342"}],"wp:attachment":[{"href":"https:\/\/www.sitercl.com\/News\/index.php?rest_route=%2Fwp%2Fv2%2Fmedia&parent=8339"}],"wp:term":[{"taxonomy":"category","embeddable":true,"href":"https:\/\/www.sitercl.com\/News\/index.php?rest_route=%2Fwp%2Fv2%2Fcategories&post=8339"},{"taxonomy":"post_tag","embeddable":true,"href":"https:\/\/www.sitercl.com\/News\/index.php?rest_route=%2Fwp%2Fv2%2Ftags&post=8339"}],"curies":[{"name":"wp","href":"https:\/\/api.w.org\/{rel}","templated":true}]}}