{"id":8351,"date":"2022-09-03T19:06:50","date_gmt":"2022-09-03T17:06:50","guid":{"rendered":"https:\/\/www.sitercl.com\/News\/?p=8351"},"modified":"2022-09-03T19:54:59","modified_gmt":"2022-09-03T17:54:59","slug":"les-groupes-pour-reims-lens-4","status":"publish","type":"post","link":"https:\/\/www.sitercl.com\/News\/?p=8351","title":{"rendered":"Les groupes pour Reims &#8211; Lens"},"content":{"rendered":"<div class=\"wp-block-image\">\n<figure class=\"alignright size-full\"><img loading=\"lazy\" decoding=\"async\" width=\"137\" height=\"150\" src=\"https:\/\/www.sitercl.com\/News\/wp-content\/uploads\/2018\/12\/grpjoueu.jpg\" alt=\"\" class=\"wp-image-248\"\/><\/figure>\n<\/div>\n\n\n<p>Voici les groupes convoqu\u00e9s pour la rencontre de ce dimanche entre Reims et Lens comptant pour la 6e journ\u00e9e de Ligue 1 Uber Eats.<\/p>\n\n\n\n<p><strong>Pour le Stade de Reims<\/strong> :<br>Yehvann DIOUF,\u00a0Nicolas PENNETEAU, Patrick PENTZ; Yunis ABDELHAMID, Emmanuel AGBADOU,\u00a0Maxime BUSI,\u00a0Ibrahim DIAKIT\u00c9,\u00a0Andreaw GRAVILLON,\u00a0Bradley LOCKO; Martin ADELINE,\u00a0Kamory DOUMBIA, Alexis FLIPS,\u00a0Rafik GUITANE, Samuel KOEBERLE,\u00a0Dion LOPY, Marshall MUNETSI;<em><strong>:\u00a0<\/strong><\/em>Folarin BALOGUN,\u00a0Junya ITO,\u00a0Nathana\u00ebl MBUKU,\u00a0Mitchell VAN BERGEN,\u00a0Arber ZENELI.<\/p>\n\n\n\n<p>Jens Cajuste est suspendu. Kaj Sierhuis\u00a0(genou), Azor Matusiwa\u00a0(adducteur) et Thomas Foket\u00a0(ischios) sont forfaits.<\/p>\n\n\n\n<p><strong>Pour le RC Lens <\/strong>:<br>Jean-Louis LECA,&nbsp;Brice SAMBA; Isma\u00ebl BOURA, Jimmy CABOT, Kevin DANSO, Steven FORTES, Przemyslaw FRANKOWSKI, Jonathan GRADIT, Massadio HA\u00cfDARA, Deiver MACHADO, Facundo MEDINA; Alexis CLAUDE-MAURICE, Salis ABDUL SAMED, Yaya FOFANA,&nbsp;Jean ONANA, David PEREIRA DA COSTA, Lukasz POREBA; R\u00e9my LABEAU LASCARY, Lo\u00efs OPENDA, Florian SOTOCA.<\/p>\n\n\n\n<p>Franck Haise devra faire avec plusieurs forfaits pour cette rencontre&#8230; En effet, on note les absences de Wesley Sa\u00efd (cuisse), Ga\u00ebl Kakuta (reprise suite tendon d\u2019Achille), Adam Buksa (reprise), Wuilker Farinez (genou) et aussi Seko Fofana (mollet) qui a pris un peu plus de temps que pr\u00e9vu pour sa reprise.<\/p>\n\n\n\n<p>Les n\u00e9o-lensois Alexis Claude-Maurice et Jean Onana sont pr\u00e9sents pour la premi\u00e8re fois dans le groupe.<\/p>\n\n\n\n<p><strong>Les arbitres<\/strong> :<br>L&rsquo;arbitre principal de la rencontre sera&nbsp;Eric WATTELIER (34 ans).<strong><br><\/strong>Ses arbitres assistants :&nbsp;C\u00e9dric FAVRE&nbsp;et Alexandre VIALA<strong><br><\/strong>Le 4e arbitre :&nbsp;Brendan ROFFET<strong><br><\/strong>Les arbitres assistants vid\u00e9o :&nbsp;St\u00e9phanie FRAPPART&nbsp;et&nbsp;Manuela NICOLOSI.<\/p>\n\n\n\n<p>Eric WATTELIER a dirig\u00e9 3 matches de L1 depuis le d\u00e9but de la saison o\u00f9 il a distribu\u00e9 au total 8 cartons jaune et aucun rouge.<br>La derni\u00e8re fois qu&rsquo;il a arbitr\u00e9 les Sang et Or, c&rsquo;\u00e9tait lors de l&rsquo;\u00e9limination en Coupe de France la saison pass\u00e9e face \u00e0 l&rsquo;AS Monaco (<a href=\"https:\/\/www.sitercl.com\/Matches\/2021-22\/France\/Domicile\/monacoas.htm\">2-4<\/a>).<br><\/p>\n","protected":false},"excerpt":{"rendered":"<p>Voici les groupes convoqu\u00e9s pour la rencontre de ce dimanche entre Reims et Lens comptant pour la 6e journ\u00e9e de Ligue 1 Uber Eats. Pour le Stade de Reims :Yehvann DIOUF,\u00a0Nicolas PENNETEAU, Patrick PENTZ; Yunis ABDELHAMID, Emmanuel AGBADOU,\u00a0Maxime BUSI,\u00a0Ibrahim DIAKIT\u00c9,\u00a0Andreaw GRAVILLON,\u00a0Bradley LOCKO; Martin ADELINE,\u00a0Kamory DOUMBIA, Alexis FLIPS,\u00a0Rafik GUITANE, Samuel KOEBERLE,\u00a0Dion LOPY, Marshall MUNETSI;:\u00a0Folarin BALOGUN,\u00a0Junya ITO,\u00a0Nathana\u00ebl &hellip; <a href=\"https:\/\/www.sitercl.com\/News\/?p=8351\" class=\"more-link\">Continuer la lecture<span class=\"screen-reader-text\"> de &laquo;&nbsp;Les groupes pour Reims &#8211; Lens&nbsp;&raquo;<\/span><\/a><\/p>\n","protected":false},"author":2,"featured_media":0,"comment_status":"closed","ping_status":"open","sticky":false,"template":"","format":"standard","meta":{"footnotes":""},"categories":[2],"tags":[11,151,59],"class_list":["post-8351","post","type-post","status-publish","format-standard","hentry","category-infos","tag-groupes","tag-ligue-1","tag-reims"],"_links":{"self":[{"href":"https:\/\/www.sitercl.com\/News\/index.php?rest_route=\/wp\/v2\/posts\/8351","targetHints":{"allow":["GET"]}}],"collection":[{"href":"https:\/\/www.sitercl.com\/News\/index.php?rest_route=\/wp\/v2\/posts"}],"about":[{"href":"https:\/\/www.sitercl.com\/News\/index.php?rest_route=\/wp\/v2\/types\/post"}],"author":[{"embeddable":true,"href":"https:\/\/www.sitercl.com\/News\/index.php?rest_route=\/wp\/v2\/users\/2"}],"replies":[{"embeddable":true,"href":"https:\/\/www.sitercl.com\/News\/index.php?rest_route=%2Fwp%2Fv2%2Fcomments&post=8351"}],"version-history":[{"count":4,"href":"https:\/\/www.sitercl.com\/News\/index.php?rest_route=\/wp\/v2\/posts\/8351\/revisions"}],"predecessor-version":[{"id":8366,"href":"https:\/\/www.sitercl.com\/News\/index.php?rest_route=\/wp\/v2\/posts\/8351\/revisions\/8366"}],"wp:attachment":[{"href":"https:\/\/www.sitercl.com\/News\/index.php?rest_route=%2Fwp%2Fv2%2Fmedia&parent=8351"}],"wp:term":[{"taxonomy":"category","embeddable":true,"href":"https:\/\/www.sitercl.com\/News\/index.php?rest_route=%2Fwp%2Fv2%2Fcategories&post=8351"},{"taxonomy":"post_tag","embeddable":true,"href":"https:\/\/www.sitercl.com\/News\/index.php?rest_route=%2Fwp%2Fv2%2Ftags&post=8351"}],"curies":[{"name":"wp","href":"https:\/\/api.w.org\/{rel}","templated":true}]}}