{"id":8390,"date":"2022-09-06T19:36:24","date_gmt":"2022-09-06T17:36:24","guid":{"rendered":"https:\/\/www.sitercl.com\/News\/?p=8390"},"modified":"2022-09-06T19:36:24","modified_gmt":"2022-09-06T17:36:24","slug":"larbitre-de-lens-troyes","status":"publish","type":"post","link":"https:\/\/www.sitercl.com\/News\/?p=8390","title":{"rendered":"L&rsquo;arbitre de Lens &#8211; Troyes"},"content":{"rendered":"<div class=\"wp-block-image\">\n<figure class=\"alignright size-full\"><img loading=\"lazy\" decoding=\"async\" width=\"130\" height=\"130\" src=\"https:\/\/www.sitercl.com\/News\/wp-content\/uploads\/2018\/12\/sifflet.jpg\" alt=\"\" class=\"wp-image-270\"\/><\/figure>\n<\/div>\n\n\n<p>La LFP a d\u00e9sign\u00e9 les arbitres pour la 7e journ\u00e9e de Ligue 1 Uber Eats et c&rsquo;est M. Hakim BEN EL HADJ qui sera l&rsquo;arbitre principal de la rencontre de vendredi (coup d&rsquo;envoi \u00e0 21h) entre le RC Lens et l&rsquo;ESTAC Troyes.<\/p>\n\n\n\n<p>Arbitre principal :\u00a0Hakim BEN EL HADJ<strong><br><\/strong>Arbitres assistants :\u00a0Gwena\u00ebl PASQUALOTTI\u00a0et\u00a0Huseyin OCAK<strong><br><\/strong>4e arbitre :\u00a0Gabriel HENRY<strong><br><\/strong>Arbitres assistants vid\u00e9o : J\u00e9r\u00e9my STINAT\u00a0et\u00a0Benjamin LEPAYSANT<\/p>\n\n\n\n<p>Hakim BEN EL HADJ (44 ans) a depuis le d\u00e9but de la saison arbitr\u00e9 4 matches de L1 o\u00f9 il a d\u00e9j\u00e0 distribu\u00e9 18 cartons jaune et 2 rouge.<br>Si la saison pass\u00e9e, il n&rsquo;a pas crois\u00e9 les Lensois, la saison pr\u00e9c\u00e9dente (2020\/21) les Sang et Or ont \u00e9t\u00e9 arbitr\u00e9s deux fois par celui-ci, lors de la 21e journ\u00e9e, Lens &#8211; Nice (<a href=\"https:\/\/www.sitercl.com\/Matches\/2020-21\/Champion\/Domicile\/niceogc.htm\">0-1<\/a>) et lors de la 2e journ\u00e9e, Lens &#8211; PSG (<a href=\"https:\/\/www.sitercl.com\/Matches\/2020-21\/Champion\/Domicile\/parissg.htm\">1-0<\/a>).<\/p>\n","protected":false},"excerpt":{"rendered":"<p>La LFP a d\u00e9sign\u00e9 les arbitres pour la 7e journ\u00e9e de Ligue 1 Uber Eats et c&rsquo;est M. Hakim BEN EL HADJ qui sera l&rsquo;arbitre principal de la rencontre de vendredi (coup d&rsquo;envoi \u00e0 21h) entre le RC Lens et l&rsquo;ESTAC Troyes. Arbitre principal :\u00a0Hakim BEN EL HADJArbitres assistants :\u00a0Gwena\u00ebl PASQUALOTTI\u00a0et\u00a0Huseyin OCAK4e arbitre :\u00a0Gabriel HENRYArbitres &hellip; <a href=\"https:\/\/www.sitercl.com\/News\/?p=8390\" class=\"more-link\">Continuer la lecture<span class=\"screen-reader-text\"> de &laquo;&nbsp;L&rsquo;arbitre de Lens &#8211; Troyes&nbsp;&raquo;<\/span><\/a><\/p>\n","protected":false},"author":2,"featured_media":0,"comment_status":"closed","ping_status":"open","sticky":false,"template":"","format":"standard","meta":{"footnotes":""},"categories":[2],"tags":[53,151,93],"class_list":["post-8390","post","type-post","status-publish","format-standard","hentry","category-infos","tag-arbitre","tag-ligue-1","tag-troyes"],"_links":{"self":[{"href":"https:\/\/www.sitercl.com\/News\/index.php?rest_route=\/wp\/v2\/posts\/8390","targetHints":{"allow":["GET"]}}],"collection":[{"href":"https:\/\/www.sitercl.com\/News\/index.php?rest_route=\/wp\/v2\/posts"}],"about":[{"href":"https:\/\/www.sitercl.com\/News\/index.php?rest_route=\/wp\/v2\/types\/post"}],"author":[{"embeddable":true,"href":"https:\/\/www.sitercl.com\/News\/index.php?rest_route=\/wp\/v2\/users\/2"}],"replies":[{"embeddable":true,"href":"https:\/\/www.sitercl.com\/News\/index.php?rest_route=%2Fwp%2Fv2%2Fcomments&post=8390"}],"version-history":[{"count":1,"href":"https:\/\/www.sitercl.com\/News\/index.php?rest_route=\/wp\/v2\/posts\/8390\/revisions"}],"predecessor-version":[{"id":8391,"href":"https:\/\/www.sitercl.com\/News\/index.php?rest_route=\/wp\/v2\/posts\/8390\/revisions\/8391"}],"wp:attachment":[{"href":"https:\/\/www.sitercl.com\/News\/index.php?rest_route=%2Fwp%2Fv2%2Fmedia&parent=8390"}],"wp:term":[{"taxonomy":"category","embeddable":true,"href":"https:\/\/www.sitercl.com\/News\/index.php?rest_route=%2Fwp%2Fv2%2Fcategories&post=8390"},{"taxonomy":"post_tag","embeddable":true,"href":"https:\/\/www.sitercl.com\/News\/index.php?rest_route=%2Fwp%2Fv2%2Ftags&post=8390"}],"curies":[{"name":"wp","href":"https:\/\/api.w.org\/{rel}","templated":true}]}}