{"id":8464,"date":"2022-09-17T16:41:59","date_gmt":"2022-09-17T14:41:59","guid":{"rendered":"https:\/\/www.sitercl.com\/News\/?p=8464"},"modified":"2022-09-18T12:05:42","modified_gmt":"2022-09-18T10:05:42","slug":"les-groupes-pour-nantes-lens-3","status":"publish","type":"post","link":"https:\/\/www.sitercl.com\/News\/?p=8464","title":{"rendered":"Les groupes pour Nantes &#8211; Lens"},"content":{"rendered":"<div class=\"wp-block-image\">\n<figure class=\"alignright size-full\"><img loading=\"lazy\" decoding=\"async\" width=\"137\" height=\"150\" src=\"https:\/\/www.sitercl.com\/News\/wp-content\/uploads\/2018\/12\/grpjoueu.jpg\" alt=\"\" class=\"wp-image-248\"\/><\/figure>\n<\/div>\n\n\n<p>Retrouvez les groupes convoqu\u00e9s par les entra\u00eeneurs Nantais et Lensois pour la rencontre qui les opposera ce dimanche \u00e0 partir de 17h05 pour le compte de la 8e journ\u00e9e de Ligue 1 Uber Eats&#8230;<\/p>\n\n\n\n<p><strong>Pour le FC Nantes<\/strong> :<br>Lafont, Descamps; Castelletto, Appiah, Corchia, Pallois, Merlin, Girotto; Blas, Chirivella, M. Sissoko; Bamba, Coco, Ganago, Simon, Mohamed, Bamba, Guessand.<\/p>\n\n\n\n<p>Charles Traor\u00e9 (genou) est bless\u00e9 quant \u00e0 Fabio, il est suspendu. Sinon Antoine Kombouar\u00e9 peut compter sur un groupe presque au complet&#8230;<\/p>\n\n\n\n<p><strong>Pour le RC Lens<\/strong> :<br>Jean-Louis LECA, Brice SAMBA; Isma\u00ebl BOURA, Jimmy CABOT, Kevin DANSO, Steven FORTES, Przemyslaw FRANKOWSKI, Isma\u00eblo GANIOU, Massadio HA\u00cfDARA, Facundo MEDINA; Salis ABDUL SAMED, Alexis CLAUDE-MAURICE, Seko FOFANA,&nbsp;Ga\u00ebl KAKUTA, Jean ONANA, David PEREIRA DA COSTA, Lukasz POREBA; Adam BUKSA,&nbsp;Lo\u00efs OPENDA, Florian SOTOCA.<\/p>\n\n\n\n<p>Deiver MACHADO va purger son second et dernier match de suspension suite \u00e0 son carton rouge obtenu face \u00e0 Reims.<br>Franck Haise devra \u00e9galement se passer de Wuilker FARINEZ\u00a0(genou),\u00a0de Jonathan GRADIT (clavicule) et de Wesley SAID (en phase de reprise).<\/p>\n\n\n\n<p>A noter la pr\u00e9sence dans ce groupe du jeune d\u00e9fenseur central\u00a0U17, Isma\u00eblo Ganiou. Premi\u00e8re apparition dans un groupe pro pour celui-ci&#8230; <\/p>\n\n\n\n<p><strong>L&rsquo;arbitre <\/strong>: <a href=\"https:\/\/www.sitercl.com\/News\/?post_type=post&amp;p=8445\">pour rappel<\/a>, il s&rsquo;agit de M. Willy DELAJOD.<\/p>\n","protected":false},"excerpt":{"rendered":"<p>Retrouvez les groupes convoqu\u00e9s par les entra\u00eeneurs Nantais et Lensois pour la rencontre qui les opposera ce dimanche \u00e0 partir de 17h05 pour le compte de la 8e journ\u00e9e de Ligue 1 Uber Eats&#8230; Pour le FC Nantes :Lafont, Descamps; Castelletto, Appiah, Corchia, Pallois, Merlin, Girotto; Blas, Chirivella, M. Sissoko; Bamba, Coco, Ganago, Simon, Mohamed, &hellip; <a href=\"https:\/\/www.sitercl.com\/News\/?p=8464\" class=\"more-link\">Continuer la lecture<span class=\"screen-reader-text\"> de &laquo;&nbsp;Les groupes pour Nantes &#8211; Lens&nbsp;&raquo;<\/span><\/a><\/p>\n","protected":false},"author":2,"featured_media":0,"comment_status":"closed","ping_status":"open","sticky":false,"template":"","format":"standard","meta":{"footnotes":""},"categories":[2],"tags":[11,151,109],"class_list":["post-8464","post","type-post","status-publish","format-standard","hentry","category-infos","tag-groupes","tag-ligue-1","tag-nantes"],"_links":{"self":[{"href":"https:\/\/www.sitercl.com\/News\/index.php?rest_route=\/wp\/v2\/posts\/8464","targetHints":{"allow":["GET"]}}],"collection":[{"href":"https:\/\/www.sitercl.com\/News\/index.php?rest_route=\/wp\/v2\/posts"}],"about":[{"href":"https:\/\/www.sitercl.com\/News\/index.php?rest_route=\/wp\/v2\/types\/post"}],"author":[{"embeddable":true,"href":"https:\/\/www.sitercl.com\/News\/index.php?rest_route=\/wp\/v2\/users\/2"}],"replies":[{"embeddable":true,"href":"https:\/\/www.sitercl.com\/News\/index.php?rest_route=%2Fwp%2Fv2%2Fcomments&post=8464"}],"version-history":[{"count":5,"href":"https:\/\/www.sitercl.com\/News\/index.php?rest_route=\/wp\/v2\/posts\/8464\/revisions"}],"predecessor-version":[{"id":8491,"href":"https:\/\/www.sitercl.com\/News\/index.php?rest_route=\/wp\/v2\/posts\/8464\/revisions\/8491"}],"wp:attachment":[{"href":"https:\/\/www.sitercl.com\/News\/index.php?rest_route=%2Fwp%2Fv2%2Fmedia&parent=8464"}],"wp:term":[{"taxonomy":"category","embeddable":true,"href":"https:\/\/www.sitercl.com\/News\/index.php?rest_route=%2Fwp%2Fv2%2Fcategories&post=8464"},{"taxonomy":"post_tag","embeddable":true,"href":"https:\/\/www.sitercl.com\/News\/index.php?rest_route=%2Fwp%2Fv2%2Ftags&post=8464"}],"curies":[{"name":"wp","href":"https:\/\/api.w.org\/{rel}","templated":true}]}}