{"id":8597,"date":"2022-10-03T19:57:40","date_gmt":"2022-10-03T17:57:40","guid":{"rendered":"https:\/\/www.sitercl.com\/News\/?p=8597"},"modified":"2022-10-03T21:24:52","modified_gmt":"2022-10-03T19:24:52","slug":"renaud-present-a-bollaert-delelis","status":"publish","type":"post","link":"https:\/\/www.sitercl.com\/News\/?p=8597","title":{"rendered":"Renaud\u00a0pr\u00e9sent \u00e0 Bollaert-Delelis"},"content":{"rendered":"<div class=\"wp-block-image\">\n<figure class=\"alignright size-large\"><img decoding=\"async\" src=\"https:\/\/www.sitercl.com\/Navigat\/NAVI-rcl.gif\" alt=\"\"\/><\/figure>\n<\/div>\n\n\n<p>Si comme pr\u00e9vu, c&rsquo;est l\u2019entra\u00eeneuse de la D2F du RC Lens, Sarah M\u2019Barek, ainsi que la pr\u00e9sidente de l\u2019association \u00ab\u00a0<em>Toutes en vol<\/em>\u00a0\u00bb, Marie-H\u00e9l\u00e8ne Morel, qui ont donn\u00e9 le coup d&rsquo;envoi de la rencontre Lens &#8211; OL dimanche soir (1-0), il a \u00e9t\u00e9 \u00e9galement possible de voir  auparavant sur la pelouse de Bollaert-Delelis les anciens joueurs lensois, Pierre Laigle (ancien Lyonnais \u00e9galement) ainsi qu&rsquo;El Hadji Diouf. Autres anciens lensois pr\u00e9sents, Jos\u00e9-Karl Pierre-Fanfan, consultant pour Canal+ international et Robert Malm.<\/p>\n\n\n\n<p>A noter que le compte twitter officiel du RC Lens a \u00e9galement post\u00e9 une photo du pr\u00e9sident lensois, Joseph Oughourlian, avec le chanteur Renaud, \u00e9charpe Sang et Or sur les \u00e9paules.<\/p>\n\n\n\n<figure class=\"wp-block-embed is-type-rich is-provider-twitter wp-block-embed-twitter\"><div class=\"wp-block-embed__wrapper\">\n<blockquote class=\"twitter-tweet\" data-width=\"550\" data-dnt=\"true\"><p lang=\"fr\" dir=\"ltr\">Rencontre au sommet, on pourrait m\u00eame dire \u00ab Tout in haut de ch&#39;terril \u00bb \ud83c\udfb6<a href=\"https:\/\/twitter.com\/hashtag\/FierDEtreLensois?src=hash&amp;ref_src=twsrc%5Etfw\">#FierDEtreLensois<\/a> <a href=\"https:\/\/twitter.com\/hashtag\/RCLOL?src=hash&amp;ref_src=twsrc%5Etfw\">#RCLOL<\/a> <a href=\"https:\/\/t.co\/gXyTDzm27V\">pic.twitter.com\/gXyTDzm27V<\/a><\/p>&mdash; Racing Club de Lens (@RCLens) <a href=\"https:\/\/twitter.com\/RCLens\/status\/1576626011936264197?ref_src=twsrc%5Etfw\">October 2, 2022<\/a><\/blockquote><script async src=\"https:\/\/platform.twitter.com\/widgets.js\" charset=\"utf-8\"><\/script>\n<\/div><\/figure>\n","protected":false},"excerpt":{"rendered":"<p>Si comme pr\u00e9vu, c&rsquo;est l\u2019entra\u00eeneuse de la D2F du RC Lens, Sarah M\u2019Barek, ainsi que la pr\u00e9sidente de l\u2019association \u00ab\u00a0Toutes en vol\u00a0\u00bb, Marie-H\u00e9l\u00e8ne Morel, qui ont donn\u00e9 le coup d&rsquo;envoi de la rencontre Lens &#8211; OL dimanche soir (1-0), il a \u00e9t\u00e9 \u00e9galement possible de voir auparavant sur la pelouse de Bollaert-Delelis les anciens joueurs &hellip; <a href=\"https:\/\/www.sitercl.com\/News\/?p=8597\" class=\"more-link\">Continuer la lecture<span class=\"screen-reader-text\"> de &laquo;&nbsp;Renaud\u00a0pr\u00e9sent \u00e0 Bollaert-Delelis&nbsp;&raquo;<\/span><\/a><\/p>\n","protected":false},"author":2,"featured_media":0,"comment_status":"closed","ping_status":"open","sticky":false,"template":"","format":"standard","meta":{"footnotes":""},"categories":[2],"tags":[77,297,151,386,552,19,551,549],"class_list":["post-8597","post","type-post","status-publish","format-standard","hentry","category-infos","tag-ancien","tag-diouf","tag-ligue-1","tag-lyon","tag-malm","tag-oughourlian","tag-pierre-fanfan","tag-renaud"],"_links":{"self":[{"href":"https:\/\/www.sitercl.com\/News\/index.php?rest_route=\/wp\/v2\/posts\/8597","targetHints":{"allow":["GET"]}}],"collection":[{"href":"https:\/\/www.sitercl.com\/News\/index.php?rest_route=\/wp\/v2\/posts"}],"about":[{"href":"https:\/\/www.sitercl.com\/News\/index.php?rest_route=\/wp\/v2\/types\/post"}],"author":[{"embeddable":true,"href":"https:\/\/www.sitercl.com\/News\/index.php?rest_route=\/wp\/v2\/users\/2"}],"replies":[{"embeddable":true,"href":"https:\/\/www.sitercl.com\/News\/index.php?rest_route=%2Fwp%2Fv2%2Fcomments&post=8597"}],"version-history":[{"count":3,"href":"https:\/\/www.sitercl.com\/News\/index.php?rest_route=\/wp\/v2\/posts\/8597\/revisions"}],"predecessor-version":[{"id":8604,"href":"https:\/\/www.sitercl.com\/News\/index.php?rest_route=\/wp\/v2\/posts\/8597\/revisions\/8604"}],"wp:attachment":[{"href":"https:\/\/www.sitercl.com\/News\/index.php?rest_route=%2Fwp%2Fv2%2Fmedia&parent=8597"}],"wp:term":[{"taxonomy":"category","embeddable":true,"href":"https:\/\/www.sitercl.com\/News\/index.php?rest_route=%2Fwp%2Fv2%2Fcategories&post=8597"},{"taxonomy":"post_tag","embeddable":true,"href":"https:\/\/www.sitercl.com\/News\/index.php?rest_route=%2Fwp%2Fv2%2Ftags&post=8597"}],"curies":[{"name":"wp","href":"https:\/\/api.w.org\/{rel}","templated":true}]}}