{"id":8637,"date":"2022-10-09T10:36:07","date_gmt":"2022-10-09T08:36:07","guid":{"rendered":"https:\/\/www.sitercl.com\/News\/?p=8637"},"modified":"2022-10-10T19:25:41","modified_gmt":"2022-10-10T17:25:41","slug":"revue-du-web-lille-lens-3","status":"publish","type":"post","link":"https:\/\/www.sitercl.com\/News\/?p=8637","title":{"rendered":"Revue du web : Lille &#8211; Lens"},"content":{"rendered":"<div class=\"wp-block-image\">\n<figure class=\"alignright size-full\"><img loading=\"lazy\" decoding=\"async\" width=\"150\" height=\"106\" src=\"https:\/\/www.sitercl.com\/News\/wp-content\/uploads\/2019\/01\/clavball.png\" alt=\"\" class=\"wp-image-587\"\/><\/figure>\n<\/div>\n\n\n<p>Voici une s\u00e9lection d&rsquo;articles du web sur le derby du Nord de la 10e journ\u00e9e de Ligue 1 Uber Eats saison 2022\/2023 entre le LOSC et le RC Lens (1-0)&#8230;<\/p>\n\n\n\n<p><b>www.lequipe.fr<\/b> :<br>-09\/10\/2022 <a rel=\"noopener\" href=\"https:\/\/www.lequipe.fr\/Football\/Actualites\/Lille-inflige-a-lens-sa-premiere-defaite-de-la-saison\/1358506\" target=\"_blank\">Lille inflige \u00e0 Lens sa premi\u00e8re d\u00e9faite de la saison en Ligue 1<\/a><br>-10\/10\/2022 <a href=\"https:\/\/www.lequipe.fr\/Football\/Actualites\/-ca-fait-chier-les-lensois-frustres-apres-leur-defaite-dans-le-derby-a-lille\/1358526\" target=\"_blank\" rel=\"noopener\">\u00ab \u00c7a fait chier \u00bb : les Lensois frustr\u00e9s apr\u00e8s leur d\u00e9faite dans le derby \u00e0 Lille<\/a><br><br><b>www.lavoixdunord.fr<\/b> :<br>-09\/10\/2022 <a href=\"https:\/\/www.lavoixdunord.fr\/1239139\/article\/2022-10-09\/lille-lens-le-losc-remporte-le-derby-et-retrouve-le-sourire\" target=\"_blank\" rel=\"noopener\">Lille &#8211; Lens : le LOSC remporte le derby et retrouve le sourire<\/a><br>-10\/10\/2022 <a href=\"https:\/\/www.lavoixdunord.fr\/1239143\/article\/2022-10-10\/lille-lens-il-faut-aussi-perdre-avec-dignite-reconnait-franck-haise\" target=\"_blank\" rel=\"noopener\">Lille &#8211; Lens : \u00ab Il faut aussi perdre avec dignit\u00e9 \u00bb, reconna\u00eet Franck Haise<\/a><br>-10\/10\/2022 <a href=\"https:\/\/www.lavoixdunord.fr\/1239270\/article\/2022-10-10\/video-lille-lens-le-debrief-du-derby\" target=\"_blank\" rel=\"noopener\">Vid\u00e9o. Lille-Lens, le d\u00e9brief du derby<\/a><br>-10\/10\/2022 <a href=\"https:\/\/www.lavoixdunord.fr\/1239283\/article\/2022-10-10\/video-le-debrief-tactique-du-derby\" target=\"_blank\" rel=\"noopener\">Vid\u00e9o. Le d\u00e9brief tactique du derby<\/a><br>-10\/10\/2022 <a href=\"https:\/\/www.lavoixdunord.fr\/1239391\/article\/2022-10-10\/lille-lens-stop-ou-encore-pour-le-racing\" target=\"_blank\" rel=\"noopener\">Lille &#8211; Lens : stop ou encore pour le Racing ?<\/a><br>-09\/10\/2022 <a rel=\"noopener\" href=\"https:\/\/www.lavoixdunord.fr\/1239045\/article\/2022-10-09\/direct-lille-lens-l-heure-du-derby-approche-les-lensois-en-route-vers-lille\" target=\"_blank\">DIRECT. Lille &#8211; Lens : gr\u00e2ce \u00e0 un penalty de David, le LOSC met fin \u00e0 l\u2019invincibilit\u00e9 lensoise<\/a><br><br><b>www.maxifoot.fr<\/b> :<br>-09\/10\/2022 <a rel=\"noopener\" href=\"https:\/\/www.maxifoot.fr\/football\/article-52135.htm\" target=\"_blank\">Le derby pour Lille ! &#8211; D\u00e9brief et NOTES des joueurs (LOSC 1-0 RCL)<\/a><br><br><b>www.sofoot.com<\/b> :<br>-09\/10\/2022 <a rel=\"noopener\" href=\"https:\/\/www.sofoot.com\/lille-retrecit-lens-519955.html\" target=\"_blank\">Lille r\u00e9tr\u00e9cit Lens \/ Ligue 1 \/ J10 \/ Lille-Lens (1-0)<\/a><br>-09\/10\/2022 <a rel=\"noopener\" href=\"https:\/\/www.sofoot.com\/les-notes-de-lille-lens-519958.html\" target=\"_blank\">Les notes de Lille-Lens \/ Ligue 1 \/ J10 \/ Lille-Lens (0-0)<\/a><br><br><b>www.eurosport.fr<\/b> :<br>-09\/10\/2022 <a rel=\"noopener\" href=\"https:\/\/www.eurosport.fr\/football\/ligue-1\/2022-2023\/lille-lens-le-losc-s-impose-dans-le-derby-et-inflige-au-racing-sa-premiere-defaite-de-la-saison_sto9179312\/story.shtml\" target=\"_blank\">Lille &#8211; Lens : Le LOSC s&rsquo;impose dans le derby et inflige au Racing sa premi\u00e8re d\u00e9faite de la saison<\/a><\/p>\n\n\n<div class=\"wp-block-image\">\n<figure class=\"aligncenter size-full\"><img loading=\"lazy\" decoding=\"async\" width=\"173\" height=\"2\" src=\"https:\/\/www.sitercl.com\/News\/wp-content\/uploads\/2022\/03\/NAVIsep3.gif\" alt=\"\" class=\"wp-image-7319\"\/><\/figure>\n<\/div>\n\n\n<p><em><strong>Avant match&#8230;<\/strong><\/em><\/p>\n\n\n\n<p><b>www.lavoixdunord.fr<\/b> :<br>-08\/10\/2022 <a href=\"https:\/\/www.lavoixdunord.fr\/1238880\/article\/2022-10-08\/lille-lens-un-derby-nomme-desir\" target=\"_blank\" rel=\"noopener\">Lille &#8211; Lens: un derby nomm\u00e9 d\u00e9sir<\/a><br>-08\/10\/2022 <a rel=\"noopener\" href=\"https:\/\/www.lavoixdunord.fr\/1238800\/article\/2022-10-08\/lille-lens-entre-serpents-et-cameleons-le-duel-des-coachs\" target=\"_blank\">Lille &#8211; Lens : entre serpents et cam\u00e9l\u00e9ons, le duel des coachs<\/a><br>-08\/10\/2022 <a rel=\"noopener\" href=\"https:\/\/www.lavoixdunord.fr\/1238462\/article\/2022-10-08\/lille-lens-le-rc-lens-ne-veut-surtout-pas-en-rajouter\" target=\"_blank\">Lille &#8211; Lens: le RC Lens ne veut surtout pas en rajouter<\/a><br>-08\/10\/2022 <a rel=\"noopener\" href=\"https:\/\/www.lavoixdunord.fr\/1238869\/article\/2022-10-08\/lille-lens-mes-53-maillots-c-est-mon-petit-tresor-confie-christophe-supporter-du\" target=\"_blank\">Lille &#8211; Lens : \u00ab Mes 53 maillots, c\u2019est mon petit tr\u00e9sor \u00bb,confie Christophe, supporter du RC Lens<\/a><br>-07\/10\/2022 <a rel=\"noopener\" href=\"https:\/\/www.lavoixdunord.fr\/1238200\/article\/2022-10-07\/lille-lens-jonathan-gradit-seul-absent-lensois-pour-le-derby\" target=\"_blank\">Lille &#8211; Lens : Jonathan Gradit seul absent lensois pour le derby<\/a><br>-05\/10\/2022 <a rel=\"noopener\" href=\"https:\/\/www.lavoixdunord.fr\/1237260\/article\/2022-10-05\/lille-lens-3-500-supporters-sang-et-or-deja-au-soutien\" target=\"_blank\">Lille &#8211; Lens : plus de 3 500 supporters sang et or d\u00e9j\u00e0 au soutien<\/a><br>-04\/10\/2022 <a rel=\"noopener\" href=\"https:\/\/www.lavoixdunord.fr\/1236998\/article\/2022-10-04\/derby-du-nord-ce-qui-attend-le-millier-de-supporters-lensois-autorises-pierre\" target=\"_blank\">Lille &#8211; Lens : ce qui attend le millier de supporters lensois autoris\u00e9s \u00e0 Pierre-Mauroy<\/a><br><br><b>www.lequipe.fr<\/b> :<br>-09\/10\/2022 <a href=\"https:\/\/www.lequipe.fr\/Football\/Actualites\/Lille-et-lens-cinq-histoires-d-un-derby\/1358202\" target=\"_blank\" rel=\"noopener\">Lille et Lens, cinq histoires d&rsquo;un derby<\/a><br>-07\/10\/2022 <a rel=\"noopener\" href=\"https:\/\/www.lequipe.fr\/Football\/Actualites\/Franck-haise-avant-le-derby-lille-lens-pas-l-etiquette-de-favori\/1358032\" target=\"_blank\">Franck Haise avant le derby Lille-Lens : \u00ab Pas l&rsquo;\u00e9tiquette de favori \u00bb<\/a><br><br><b>france3-regions.francetvinfo.fr<\/b> :<br>-07\/10\/2022 <a rel=\"noopener\" href=\"https:\/\/france3-regions.francetvinfo.fr\/hauts-de-france\/nord-0\/lille\/derby-du-nord-losc-rc-lens-pour-carole-et-morgan-ce-sera-l-annee-de-la-belle-2628736.html\" target=\"_blank\">Derby du Nord LOSC &#8211; RC Lens. Pour Carole et Morgan, ce sera l&rsquo;ann\u00e9e de la belle !<\/a><br>-06\/10\/2022 <a rel=\"noopener\" href=\"https:\/\/france3-regions.francetvinfo.fr\/hauts-de-france\/nord-0\/derby-du-nord-losc-rc-lens-a-chaque-derby-on-se-chambre-pendant-90-minutes-2627200.html\" target=\"_blank\">Derby du Nord LOSC &#8211; RC Lens : \u00ab\u00a0\u00c0 chaque derby, on se chambre pendant 90 minutes\u00a0\u00bb<\/a><br>-05\/10\/2022 <a rel=\"noopener\" href=\"https:\/\/france3-regions.francetvinfo.fr\/hauts-de-france\/nord-0\/nolann-et-erwan-11-ans-les-deux-freres-jumeaux-d-annoeullin-supporters-respectifs-du-rc-lens-et-du-losc-2625472.html\" target=\"_blank\">Nolann et Erwan, 11 ans, les fr\u00e8res jumeaux, supporters respectifs du RC Lens et du Losc<\/a><br><br><b>www.francetvinfo.fr<\/b> :<br>-09\/10\/2022 <a href=\"https:\/\/www.francetvinfo.fr\/sports\/foot\/lille-osc\/lille-lens-le-derby-du-nord-n-a-jamais-ete-aussi-chaud_5402884.html\" target=\"_blank\" rel=\"noopener\">Lille-Lens : le derby du Nord n&rsquo;a jamais \u00e9t\u00e9 aussi chaud<\/a><br><br><b>actu.fr<\/b> :<br>-08\/10\/2022 <a href=\"https:\/\/actu.fr\/hauts-de-france\/lens_62498\/derby-du-nord-d-ou-vient-vraiment-cette-rivalite-historique-entre-lille-et-lens_54346363.html\" target=\"_blank\" rel=\"noopener\">Grand format. Derby du nord. D&rsquo;o\u00f9 vient vraiment cette rivalit\u00e9 historique entre Lille et Lens ?<\/a><br><br><b>www.foot-sur7.fr<\/b> :<br>-09\/10\/2022 <a href=\"https:\/\/www.foot-sur7.fr\/477396-losc-rc-lens-fonseca-avec-deux-renforts\" target=\"_blank\" rel=\"noopener\">LOSC &#8211; RC Lens : Fonseca avec deux renforts pour le derby<\/a><br><br><b>le11hdf.fr<\/b> :<br>-07\/10\/2022 <a rel=\"noopener\" href=\"https:\/\/le11hdf.fr\/rc-lens-cinq-choses-a-savoir-avant-lille-j10\/\" target=\"_blank\">RC Lens : cinq choses \u00e0 savoir avant Lille [J10]<\/a><br><br><b>www.ligue1.fr<\/b> :<br>-05\/10\/2022 <a rel=\"noopener\" href=\"https:\/\/www.ligue1.fr\/Articles\/ANALYSES\/2022\/10\/05\/analyse-rc-lens-a-son-haise\" target=\"_blank\">Le RC Lens \u00e0 son Haise<\/a><br><br><b>www.ouest-france.fr<\/b> :<br>-09\/10\/2022 <a href=\"https:\/\/www.ouest-france.fr\/sport\/football\/ligue-1\/ligue-1-le-rc-lens-nouveau-maitre-du-nord-4ea3412e-4623-11ed-b6ec-c73987703fc3\" target=\"_blank\" rel=\"noopener\">Ligue 1. Le RC Lens, nouveau ma\u00eetre du Nord ?<\/a><br><br><b>www.nord.gouv.fr<\/b> :<br>-06\/10\/2022 <a rel=\"noopener\" href=\"https:\/\/www.nord.gouv.fr\/Actualites\/Actualites\/Match-de-football-LOSC-RC-Lens-mesures-visant-a-assurer-la-securite-de-tous-pendant-la-rencontre2\" target=\"_blank\">Match de football LOSC \u2013 RC Lens : mesures visant \u00e0 assurer la s\u00e9curit\u00e9 de tous pendant la rencontre<\/a><\/p>\n","protected":false},"excerpt":{"rendered":"<p>Voici une s\u00e9lection d&rsquo;articles du web sur le derby du Nord de la 10e journ\u00e9e de Ligue 1 Uber Eats saison 2022\/2023 entre le LOSC et le RC Lens (1-0)&#8230; www.lequipe.fr :-09\/10\/2022 Lille inflige \u00e0 Lens sa premi\u00e8re d\u00e9faite de la saison en Ligue 1-10\/10\/2022 \u00ab \u00c7a fait chier \u00bb : les Lensois frustr\u00e9s apr\u00e8s &hellip; <a href=\"https:\/\/www.sitercl.com\/News\/?p=8637\" class=\"more-link\">Continuer la lecture<span class=\"screen-reader-text\"> de &laquo;&nbsp;Revue du web : Lille &#8211; Lens&nbsp;&raquo;<\/span><\/a><\/p>\n","protected":false},"author":2,"featured_media":0,"comment_status":"closed","ping_status":"open","sticky":false,"template":"","format":"standard","meta":{"footnotes":""},"categories":[6],"tags":[13,151,143],"class_list":["post-8637","post","type-post","status-publish","format-standard","hentry","category-revue-du-web","tag-internet","tag-ligue-1","tag-losc"],"_links":{"self":[{"href":"https:\/\/www.sitercl.com\/News\/index.php?rest_route=\/wp\/v2\/posts\/8637","targetHints":{"allow":["GET"]}}],"collection":[{"href":"https:\/\/www.sitercl.com\/News\/index.php?rest_route=\/wp\/v2\/posts"}],"about":[{"href":"https:\/\/www.sitercl.com\/News\/index.php?rest_route=\/wp\/v2\/types\/post"}],"author":[{"embeddable":true,"href":"https:\/\/www.sitercl.com\/News\/index.php?rest_route=\/wp\/v2\/users\/2"}],"replies":[{"embeddable":true,"href":"https:\/\/www.sitercl.com\/News\/index.php?rest_route=%2Fwp%2Fv2%2Fcomments&post=8637"}],"version-history":[{"count":12,"href":"https:\/\/www.sitercl.com\/News\/index.php?rest_route=\/wp\/v2\/posts\/8637\/revisions"}],"predecessor-version":[{"id":8680,"href":"https:\/\/www.sitercl.com\/News\/index.php?rest_route=\/wp\/v2\/posts\/8637\/revisions\/8680"}],"wp:attachment":[{"href":"https:\/\/www.sitercl.com\/News\/index.php?rest_route=%2Fwp%2Fv2%2Fmedia&parent=8637"}],"wp:term":[{"taxonomy":"category","embeddable":true,"href":"https:\/\/www.sitercl.com\/News\/index.php?rest_route=%2Fwp%2Fv2%2Fcategories&post=8637"},{"taxonomy":"post_tag","embeddable":true,"href":"https:\/\/www.sitercl.com\/News\/index.php?rest_route=%2Fwp%2Fv2%2Ftags&post=8637"}],"curies":[{"name":"wp","href":"https:\/\/api.w.org\/{rel}","templated":true}]}}