{"id":8692,"date":"2022-10-14T19:19:44","date_gmt":"2022-10-14T17:19:44","guid":{"rendered":"https:\/\/www.sitercl.com\/News\/?p=8692"},"modified":"2022-10-14T19:19:44","modified_gmt":"2022-10-14T17:19:44","slug":"les-groupes-pour-lens-montpellier-3","status":"publish","type":"post","link":"https:\/\/www.sitercl.com\/News\/?p=8692","title":{"rendered":"Les groupes pour Lens &#8211; Montpellier"},"content":{"rendered":"<div class=\"wp-block-image\">\n<figure class=\"alignright size-full\"><img loading=\"lazy\" decoding=\"async\" width=\"137\" height=\"150\" src=\"https:\/\/www.sitercl.com\/News\/wp-content\/uploads\/2018\/12\/grpjoueu.jpg\" alt=\"\" class=\"wp-image-248\"\/><\/figure>\n<\/div>\n\n\n<p>Voici les groupes convoqu\u00e9s pour la rencontre de samedi (coup d&rsquo;envoi \u00e0 21h) qui opposera le RC Lens au Montpellier HSC pour le compte de la 11e journ\u00e9e de Ligue 1 Uber Eats&#8230;<\/p>\n\n\n\n<p><strong>Pour le RC Lens<\/strong> :<br>Jean-Louis LECA, Brice SAMBA; Isma\u00ebl BOURA, Jimmy CABOT, Kevin DANSO, Steven FORTES, Przemyslaw FRANKOWSKI, Massadio HA\u00cfDARA, Adrien LOUVEAU, Deiver MACHADO, Facundo MEDINA; Salis ABDUL SAMED, Alexis CLAUDE-MAURICE, Seko FOFANA, Jean ONANA, David PEREIRA DA COSTA, Lukasz POREBA; Nolan BONTE, Lo\u00efs OPENDA, Wesley SAID, Florian SOTOCA.<\/p>\n\n\n\n<p>Il y aura peut-\u00eatre un peu de changement dans le onze initial de Franck Haise suite au derby et semble-t-il une certaine fatigue visible pour quelques cadres. L&rsquo;entra\u00eeneur lensois doit toujours faire sans Jonathan Gradit (r\u00e9athl\u00e9tisation) et Wuilker Farinez (genou) mais aussi Adam BUKSA (malade). Pour le remplacer dans le groupe, on notera la pr\u00e9sence de Nolan BONTE (18 ans).<\/p>\n\n\n\n<p><strong>Pour Montpellier<\/strong> :<br>Omlin, Kamara \u2013 Souquet, Tchato, F. Sacko, Jullien, Est\u00e8ve, Cozza, Maouassa\u00a0\u2013 Chotard, Leroy, Savanier, Delaye, Fayad \u2013 Khazri, Nordin, Germain, Mavididi,\u00a0Wahi, Gu\u00e9guin.<\/p>\n\n\n\n<p>De nombreux absents c\u00f4t\u00e9 du MHSC, avec Jordan Ferri (suspendu), Mamadou Sakho (mollet), Pedro Mendes (ischios), Dimitry Bertaud et Th\u00e9o Sainte-Luce (ligaments crois\u00e9s).<\/p>\n\n\n\n<p><strong>L&rsquo;entra\u00eeneur<\/strong> : <a href=\"https:\/\/www.sitercl.com\/News\/?post_type=post&amp;p=8681\">rappel<\/a>, c&rsquo;est M. Hakim BEN EL HADJ.<\/p>\n","protected":false},"excerpt":{"rendered":"<p>Voici les groupes convoqu\u00e9s pour la rencontre de samedi (coup d&rsquo;envoi \u00e0 21h) qui opposera le RC Lens au Montpellier HSC pour le compte de la 11e journ\u00e9e de Ligue 1 Uber Eats&#8230; Pour le RC Lens :Jean-Louis LECA, Brice SAMBA; Isma\u00ebl BOURA, Jimmy CABOT, Kevin DANSO, Steven FORTES, Przemyslaw FRANKOWSKI, Massadio HA\u00cfDARA, Adrien LOUVEAU, &hellip; <a href=\"https:\/\/www.sitercl.com\/News\/?p=8692\" class=\"more-link\">Continuer la lecture<span class=\"screen-reader-text\"> de &laquo;&nbsp;Les groupes pour Lens &#8211; Montpellier&nbsp;&raquo;<\/span><\/a><\/p>\n","protected":false},"author":2,"featured_media":0,"comment_status":"closed","ping_status":"open","sticky":false,"template":"","format":"standard","meta":{"footnotes":""},"categories":[2],"tags":[11,151,300],"class_list":["post-8692","post","type-post","status-publish","format-standard","hentry","category-infos","tag-groupes","tag-ligue-1","tag-montpellier"],"_links":{"self":[{"href":"https:\/\/www.sitercl.com\/News\/index.php?rest_route=\/wp\/v2\/posts\/8692","targetHints":{"allow":["GET"]}}],"collection":[{"href":"https:\/\/www.sitercl.com\/News\/index.php?rest_route=\/wp\/v2\/posts"}],"about":[{"href":"https:\/\/www.sitercl.com\/News\/index.php?rest_route=\/wp\/v2\/types\/post"}],"author":[{"embeddable":true,"href":"https:\/\/www.sitercl.com\/News\/index.php?rest_route=\/wp\/v2\/users\/2"}],"replies":[{"embeddable":true,"href":"https:\/\/www.sitercl.com\/News\/index.php?rest_route=%2Fwp%2Fv2%2Fcomments&post=8692"}],"version-history":[{"count":3,"href":"https:\/\/www.sitercl.com\/News\/index.php?rest_route=\/wp\/v2\/posts\/8692\/revisions"}],"predecessor-version":[{"id":8698,"href":"https:\/\/www.sitercl.com\/News\/index.php?rest_route=\/wp\/v2\/posts\/8692\/revisions\/8698"}],"wp:attachment":[{"href":"https:\/\/www.sitercl.com\/News\/index.php?rest_route=%2Fwp%2Fv2%2Fmedia&parent=8692"}],"wp:term":[{"taxonomy":"category","embeddable":true,"href":"https:\/\/www.sitercl.com\/News\/index.php?rest_route=%2Fwp%2Fv2%2Fcategories&post=8692"},{"taxonomy":"post_tag","embeddable":true,"href":"https:\/\/www.sitercl.com\/News\/index.php?rest_route=%2Fwp%2Fv2%2Ftags&post=8692"}],"curies":[{"name":"wp","href":"https:\/\/api.w.org\/{rel}","templated":true}]}}