{"id":8825,"date":"2022-11-03T12:47:44","date_gmt":"2022-11-03T11:47:44","guid":{"rendered":"https:\/\/www.sitercl.com\/News\/?p=8825"},"modified":"2022-11-03T12:49:01","modified_gmt":"2022-11-03T11:49:01","slug":"disparition-dun-ancien-lensois","status":"publish","type":"post","link":"https:\/\/www.sitercl.com\/News\/?p=8825","title":{"rendered":"Disparition d&rsquo;un ancien lensois"},"content":{"rendered":"<div class=\"wp-block-image\">\n<figure class=\"alignright size-large\"><img decoding=\"async\" src=\"https:\/\/www.sitercl.com\/Fichejo\/F\/fatouxre.gif\" alt=\"\"\/><\/figure>\n<\/div>\n\n\n<p><em>La Voix Du Nord<\/em> a annonc\u00e9 la disparition d&rsquo;un joueur de la r\u00e9gion. <a href=\"https:\/\/www.sitercl.com\/Fichejo\/F\/fatouxre.htm\">Ren\u00e9 Fatoux<\/a> est d\u00e9c\u00e9d\u00e9 dimanche 30 octobre \u00e0 l&rsquo;\u00e2ge de 86 ans. S&rsquo;il \u00e9tait plus connu du c\u00f4t\u00e9 du LOSC que du RC Lens, il y a quand m\u00eame jou\u00e9 une saison, c&rsquo;\u00e9tait en 1962\/1963. Le site pr\u00e9sente ses sinc\u00e8res condol\u00e9ances \u00e0 l&rsquo;ensemble de sa famille.<\/p>\n","protected":false},"excerpt":{"rendered":"<p>La Voix Du Nord a annonc\u00e9 la disparition d&rsquo;un joueur de la r\u00e9gion. Ren\u00e9 Fatoux est d\u00e9c\u00e9d\u00e9 dimanche 30 octobre \u00e0 l&rsquo;\u00e2ge de 86 ans. S&rsquo;il \u00e9tait plus connu du c\u00f4t\u00e9 du LOSC que du RC Lens, il y a quand m\u00eame jou\u00e9 une saison, c&rsquo;\u00e9tait en 1962\/1963. Le site pr\u00e9sente ses sinc\u00e8res condol\u00e9ances \u00e0 &hellip; <a href=\"https:\/\/www.sitercl.com\/News\/?p=8825\" class=\"more-link\">Continuer la lecture<span class=\"screen-reader-text\"> de &laquo;&nbsp;Disparition d&rsquo;un ancien lensois&nbsp;&raquo;<\/span><\/a><\/p>\n","protected":false},"author":2,"featured_media":0,"comment_status":"closed","ping_status":"open","sticky":false,"template":"","format":"standard","meta":{"footnotes":""},"categories":[2],"tags":[77,249,556],"class_list":["post-8825","post","type-post","status-publish","format-standard","hentry","category-infos","tag-ancien","tag-deces","tag-fatoux"],"_links":{"self":[{"href":"https:\/\/www.sitercl.com\/News\/index.php?rest_route=\/wp\/v2\/posts\/8825","targetHints":{"allow":["GET"]}}],"collection":[{"href":"https:\/\/www.sitercl.com\/News\/index.php?rest_route=\/wp\/v2\/posts"}],"about":[{"href":"https:\/\/www.sitercl.com\/News\/index.php?rest_route=\/wp\/v2\/types\/post"}],"author":[{"embeddable":true,"href":"https:\/\/www.sitercl.com\/News\/index.php?rest_route=\/wp\/v2\/users\/2"}],"replies":[{"embeddable":true,"href":"https:\/\/www.sitercl.com\/News\/index.php?rest_route=%2Fwp%2Fv2%2Fcomments&post=8825"}],"version-history":[{"count":2,"href":"https:\/\/www.sitercl.com\/News\/index.php?rest_route=\/wp\/v2\/posts\/8825\/revisions"}],"predecessor-version":[{"id":8827,"href":"https:\/\/www.sitercl.com\/News\/index.php?rest_route=\/wp\/v2\/posts\/8825\/revisions\/8827"}],"wp:attachment":[{"href":"https:\/\/www.sitercl.com\/News\/index.php?rest_route=%2Fwp%2Fv2%2Fmedia&parent=8825"}],"wp:term":[{"taxonomy":"category","embeddable":true,"href":"https:\/\/www.sitercl.com\/News\/index.php?rest_route=%2Fwp%2Fv2%2Fcategories&post=8825"},{"taxonomy":"post_tag","embeddable":true,"href":"https:\/\/www.sitercl.com\/News\/index.php?rest_route=%2Fwp%2Fv2%2Ftags&post=8825"}],"curies":[{"name":"wp","href":"https:\/\/api.w.org\/{rel}","templated":true}]}}