{"id":8924,"date":"2022-11-12T23:08:13","date_gmt":"2022-11-12T22:08:13","guid":{"rendered":"https:\/\/www.sitercl.com\/News\/?p=8924"},"modified":"2022-11-12T23:08:36","modified_gmt":"2022-11-12T22:08:36","slug":"florent-ghisolfi-fait-son-marche","status":"publish","type":"post","link":"https:\/\/www.sitercl.com\/News\/?p=8924","title":{"rendered":"Florent Ghisolfi et Nice font leur march\u00e9"},"content":{"rendered":"<div class=\"wp-block-image\">\n<figure class=\"alignright size-full\"><img loading=\"lazy\" decoding=\"async\" width=\"100\" height=\"100\" src=\"https:\/\/www.sitercl.com\/News\/wp-content\/uploads\/2022\/10\/Ghisolfi.jpg\" alt=\"\" class=\"wp-image-8601\"\/><\/figure>\n<\/div>\n\n\n<p>Si pour son d\u00e9part vers l&rsquo;OGC Nice, l&rsquo;ex-directeur sportif du RCL, Florent Ghisolfi, <a href=\"https:\/\/www.sitercl.com\/News\/?p=8657\">n&rsquo;a pas r\u00e9ussi<\/a> \u00e0 d\u00e9baucher Gr\u00e9gory Thil, il n&rsquo;avait pas fini pour autant d&rsquo;essayer de faire son march\u00e9 \u00e0 Lens&#8230;<\/p>\n\n\n\n<p>En effet, on a appris par un communiqu\u00e9 du RC Lens, que le directeur du d\u00e9partement performance, Laurent Bessi\u00e8re, et de l&rsquo;un de ses adjoints, Ghislain Dubois, pr\u00e9parateur physique, rejoignent \u00ab\u00a0<em>une puissance financi\u00e8re annonc\u00e9e de la Ligue 1 Uber Eats<\/em>\u00a0\u00bb comme indiqu\u00e9.<\/p>\n\n\n\n<p>Toujours dans ce communiqu\u00e9, on peut y lire : \u00ab\u00a0<em>Le Racing, club traditionnel qui place le collectif en valeur absolue, regrette am\u00e8rement l&rsquo;annonce de ces d\u00e9parts en cours de saison. Les deux salari\u00e9s, dont la qualit\u00e9 du travail effectu\u00e9 est inversement proportionnelle \u00e0 celle du timing choisi pour leurs annonces, seront lib\u00e9r\u00e9s de leurs obligations au plus tard \u00e0 la date de fin de leur pr\u00e9avis contractuel. Cette p\u00e9riode est d&rsquo;ores et d\u00e9j\u00e0 mise \u00e0 profit pour \u00e9tudier m\u00e9ticuleusement les profils des futurs arrivants.<\/em>\u00ab\u00a0<\/p>\n","protected":false},"excerpt":{"rendered":"<p>Si pour son d\u00e9part vers l&rsquo;OGC Nice, l&rsquo;ex-directeur sportif du RCL, Florent Ghisolfi, n&rsquo;a pas r\u00e9ussi \u00e0 d\u00e9baucher Gr\u00e9gory Thil, il n&rsquo;avait pas fini pour autant d&rsquo;essayer de faire son march\u00e9 \u00e0 Lens&#8230; En effet, on a appris par un communiqu\u00e9 du RC Lens, que le directeur du d\u00e9partement performance, Laurent Bessi\u00e8re, et de l&rsquo;un &hellip; <a href=\"https:\/\/www.sitercl.com\/News\/?p=8924\" class=\"more-link\">Continuer la lecture<span class=\"screen-reader-text\"> de &laquo;&nbsp;Florent Ghisolfi et Nice font leur march\u00e9&nbsp;&raquo;<\/span><\/a><\/p>\n","protected":false},"author":2,"featured_media":0,"comment_status":"closed","ping_status":"open","sticky":false,"template":"","format":"standard","meta":{"footnotes":""},"categories":[2],"tags":[280,154,64,107],"class_list":["post-8924","post","type-post","status-publish","format-standard","hentry","category-infos","tag-communique","tag-ghisolfi","tag-mercato","tag-staff"],"_links":{"self":[{"href":"https:\/\/www.sitercl.com\/News\/index.php?rest_route=\/wp\/v2\/posts\/8924","targetHints":{"allow":["GET"]}}],"collection":[{"href":"https:\/\/www.sitercl.com\/News\/index.php?rest_route=\/wp\/v2\/posts"}],"about":[{"href":"https:\/\/www.sitercl.com\/News\/index.php?rest_route=\/wp\/v2\/types\/post"}],"author":[{"embeddable":true,"href":"https:\/\/www.sitercl.com\/News\/index.php?rest_route=\/wp\/v2\/users\/2"}],"replies":[{"embeddable":true,"href":"https:\/\/www.sitercl.com\/News\/index.php?rest_route=%2Fwp%2Fv2%2Fcomments&post=8924"}],"version-history":[{"count":3,"href":"https:\/\/www.sitercl.com\/News\/index.php?rest_route=\/wp\/v2\/posts\/8924\/revisions"}],"predecessor-version":[{"id":8927,"href":"https:\/\/www.sitercl.com\/News\/index.php?rest_route=\/wp\/v2\/posts\/8924\/revisions\/8927"}],"wp:attachment":[{"href":"https:\/\/www.sitercl.com\/News\/index.php?rest_route=%2Fwp%2Fv2%2Fmedia&parent=8924"}],"wp:term":[{"taxonomy":"category","embeddable":true,"href":"https:\/\/www.sitercl.com\/News\/index.php?rest_route=%2Fwp%2Fv2%2Fcategories&post=8924"},{"taxonomy":"post_tag","embeddable":true,"href":"https:\/\/www.sitercl.com\/News\/index.php?rest_route=%2Fwp%2Fv2%2Ftags&post=8924"}],"curies":[{"name":"wp","href":"https:\/\/api.w.org\/{rel}","templated":true}]}}