{"id":8970,"date":"2022-11-23T18:34:25","date_gmt":"2022-11-23T17:34:25","guid":{"rendered":"https:\/\/www.sitercl.com\/News\/?p=8970"},"modified":"2022-11-23T18:34:40","modified_gmt":"2022-11-23T17:34:40","slug":"benoit-delaval-integre-le-staff","status":"publish","type":"post","link":"https:\/\/www.sitercl.com\/News\/?p=8970","title":{"rendered":"Benoit Delaval int\u00e8gre le staff"},"content":{"rendered":"<div class=\"wp-block-image\">\n<figure class=\"alignright size-large\"><img decoding=\"async\" src=\"https:\/\/www.sitercl.com\/Navigat\/NAVI-rcl.gif\" alt=\"\"\/><\/figure>\n<\/div>\n\n\n<p>Suite au <a href=\"https:\/\/www.sitercl.com\/News\/?p=8924\">d\u00e9part prochain<\/a> de Laurent Bessi\u00e8re pour rejoindre Florent Ghisolfi \u00e0 l&rsquo;OGC Nice, le RC Lens a choisi comme nouveau directeur de son d\u00e9partement performance, Beno\u00eet Delaval.<\/p>\n\n\n\n<p>Form\u00e9 \u00e0 Ascq (Nord), Delaval a fait toutes ses classes au LOSC o\u00f9 il a commenc\u00e9 au d\u00e9but des ann\u00e9es 2000\u00a0par la cat\u00e9gorie des poussins jusqu&rsquo;\u00e0 l&rsquo;\u00e9quipe premi\u00e8re professionnelle. Il conna\u00eet tr\u00e8s bien la r\u00e9gion o\u00f9 il a de la famille et voulait y revenir. Il \u00e9tait en effet en Angleterre depuis le licenciement de l&rsquo;entra\u00eeneur argentin Marcelo Bielsa au LOSC, ce dernier l&rsquo;ayant fait venir avec lui \u00e0 Leeds en tant que pr\u00e9parateur athl\u00e9tique. Il s&rsquo;est engag\u00e9 avec le RC Lens pour cinq ans, soit la m\u00eame dur\u00e9e que Franck Haise.<\/p>\n","protected":false},"excerpt":{"rendered":"<p>Suite au d\u00e9part prochain de Laurent Bessi\u00e8re pour rejoindre Florent Ghisolfi \u00e0 l&rsquo;OGC Nice, le RC Lens a choisi comme nouveau directeur de son d\u00e9partement performance, Beno\u00eet Delaval. Form\u00e9 \u00e0 Ascq (Nord), Delaval a fait toutes ses classes au LOSC o\u00f9 il a commenc\u00e9 au d\u00e9but des ann\u00e9es 2000\u00a0par la cat\u00e9gorie des poussins jusqu&rsquo;\u00e0 l&rsquo;\u00e9quipe &hellip; <a href=\"https:\/\/www.sitercl.com\/News\/?p=8970\" class=\"more-link\">Continuer la lecture<span class=\"screen-reader-text\"> de &laquo;&nbsp;Benoit Delaval int\u00e8gre le staff&nbsp;&raquo;<\/span><\/a><\/p>\n","protected":false},"author":2,"featured_media":0,"comment_status":"closed","ping_status":"open","sticky":false,"template":"","format":"standard","meta":{"footnotes":""},"categories":[2],"tags":[561,107],"class_list":["post-8970","post","type-post","status-publish","format-standard","hentry","category-infos","tag-delaval","tag-staff"],"_links":{"self":[{"href":"https:\/\/www.sitercl.com\/News\/index.php?rest_route=\/wp\/v2\/posts\/8970","targetHints":{"allow":["GET"]}}],"collection":[{"href":"https:\/\/www.sitercl.com\/News\/index.php?rest_route=\/wp\/v2\/posts"}],"about":[{"href":"https:\/\/www.sitercl.com\/News\/index.php?rest_route=\/wp\/v2\/types\/post"}],"author":[{"embeddable":true,"href":"https:\/\/www.sitercl.com\/News\/index.php?rest_route=\/wp\/v2\/users\/2"}],"replies":[{"embeddable":true,"href":"https:\/\/www.sitercl.com\/News\/index.php?rest_route=%2Fwp%2Fv2%2Fcomments&post=8970"}],"version-history":[{"count":2,"href":"https:\/\/www.sitercl.com\/News\/index.php?rest_route=\/wp\/v2\/posts\/8970\/revisions"}],"predecessor-version":[{"id":8972,"href":"https:\/\/www.sitercl.com\/News\/index.php?rest_route=\/wp\/v2\/posts\/8970\/revisions\/8972"}],"wp:attachment":[{"href":"https:\/\/www.sitercl.com\/News\/index.php?rest_route=%2Fwp%2Fv2%2Fmedia&parent=8970"}],"wp:term":[{"taxonomy":"category","embeddable":true,"href":"https:\/\/www.sitercl.com\/News\/index.php?rest_route=%2Fwp%2Fv2%2Fcategories&post=8970"},{"taxonomy":"post_tag","embeddable":true,"href":"https:\/\/www.sitercl.com\/News\/index.php?rest_route=%2Fwp%2Fv2%2Ftags&post=8970"}],"curies":[{"name":"wp","href":"https:\/\/api.w.org\/{rel}","templated":true}]}}