{"id":8973,"date":"2022-11-24T19:29:17","date_gmt":"2022-11-24T18:29:17","guid":{"rendered":"https:\/\/www.sitercl.com\/News\/?p=8973"},"modified":"2022-11-24T19:35:46","modified_gmt":"2022-11-24T18:35:46","slug":"resultats-des-lensois-au-qatar","status":"publish","type":"post","link":"https:\/\/www.sitercl.com\/News\/?p=8973","title":{"rendered":"R\u00e9sultats des Lensois au Qatar&#8230;"},"content":{"rendered":"<div class=\"wp-block-image\">\n<figure class=\"alignright size-full\"><img loading=\"lazy\" decoding=\"async\" width=\"140\" height=\"200\" src=\"https:\/\/www.sitercl.com\/News\/wp-content\/uploads\/2019\/01\/tabfoot.jpg\" alt=\"\" class=\"wp-image-449\"\/><\/figure>\n<\/div>\n\n\n<p>Apr\u00e8s le match nul de Przemyslaw Frankowski <a href=\"https:\/\/www.sitercl.com\/News\/?post_type=post&amp;p=8963\">mardi<\/a>, c&rsquo;est la Belgique d&rsquo;Openda et le Ghana d&rsquo;Abdul Samed qui sont entr\u00e9s en lice hier et aujourd&rsquo;hui pour la Coupe du Monde au Qatar.<\/p>\n\n\n\n<p>R\u00e9sultats inverses pour les deux Sang et Or, ainsi si Lo\u00efs Openda, entr\u00e9 en jeu \u00e0 la 78e, s&rsquo;est impos\u00e9 avec la Belgique (1-0) face au Canada, Salis Abdul Samed avec le Ghana s&rsquo;est lui inclin\u00e9 ce jeudi face au Portugal (2-3). A noter que ce dernier \u00e9tait titulaire pour cette rencontre, sortant uniquement \u00e0 la 92e minute&#8230;<\/p>\n\n\n\n<p><em>Suite du calendrier des Lensois<\/em> :<\/p>\n\n\n\n<p>Groupe C :<br>Pologne-Arabie Saoudite, samedi 26 novembre 14h00<br>Pologne-Argentine, mercredi 30 novembre 20h00<\/p>\n\n\n\n<p>Groupe F :<br>Belgique-Maroc, dimanche 27 novembre 14h00<br>Croatie-Belgique, jeudi 1er d\u00e9cembre 16h00<\/p>\n\n\n\n<p>Groupe H :<br>Cor\u00e9e du Sud-Ghana, lundi 28 novembre 14h00<br>Ghana-Uruguay, vendredi 2 d\u00e9cembre 16h00<\/p>\n","protected":false},"excerpt":{"rendered":"<p>Apr\u00e8s le match nul de Przemyslaw Frankowski mardi, c&rsquo;est la Belgique d&rsquo;Openda et le Ghana d&rsquo;Abdul Samed qui sont entr\u00e9s en lice hier et aujourd&rsquo;hui pour la Coupe du Monde au Qatar. R\u00e9sultats inverses pour les deux Sang et Or, ainsi si Lo\u00efs Openda, entr\u00e9 en jeu \u00e0 la 78e, s&rsquo;est impos\u00e9 avec la Belgique &hellip; <a href=\"https:\/\/www.sitercl.com\/News\/?p=8973\" class=\"more-link\">Continuer la lecture<span class=\"screen-reader-text\"> de &laquo;&nbsp;R\u00e9sultats des Lensois au Qatar&#8230;&nbsp;&raquo;<\/span><\/a><\/p>\n","protected":false},"author":2,"featured_media":0,"comment_status":"closed","ping_status":"open","sticky":false,"template":"","format":"standard","meta":{"footnotes":""},"categories":[2],"tags":[537,538,560,7],"class_list":["post-8973","post","type-post","status-publish","format-standard","hentry","category-infos","tag-abdul-samed","tag-openda","tag-qatar2022","tag-resultats"],"_links":{"self":[{"href":"https:\/\/www.sitercl.com\/News\/index.php?rest_route=\/wp\/v2\/posts\/8973","targetHints":{"allow":["GET"]}}],"collection":[{"href":"https:\/\/www.sitercl.com\/News\/index.php?rest_route=\/wp\/v2\/posts"}],"about":[{"href":"https:\/\/www.sitercl.com\/News\/index.php?rest_route=\/wp\/v2\/types\/post"}],"author":[{"embeddable":true,"href":"https:\/\/www.sitercl.com\/News\/index.php?rest_route=\/wp\/v2\/users\/2"}],"replies":[{"embeddable":true,"href":"https:\/\/www.sitercl.com\/News\/index.php?rest_route=%2Fwp%2Fv2%2Fcomments&post=8973"}],"version-history":[{"count":3,"href":"https:\/\/www.sitercl.com\/News\/index.php?rest_route=\/wp\/v2\/posts\/8973\/revisions"}],"predecessor-version":[{"id":8977,"href":"https:\/\/www.sitercl.com\/News\/index.php?rest_route=\/wp\/v2\/posts\/8973\/revisions\/8977"}],"wp:attachment":[{"href":"https:\/\/www.sitercl.com\/News\/index.php?rest_route=%2Fwp%2Fv2%2Fmedia&parent=8973"}],"wp:term":[{"taxonomy":"category","embeddable":true,"href":"https:\/\/www.sitercl.com\/News\/index.php?rest_route=%2Fwp%2Fv2%2Fcategories&post=8973"},{"taxonomy":"post_tag","embeddable":true,"href":"https:\/\/www.sitercl.com\/News\/index.php?rest_route=%2Fwp%2Fv2%2Ftags&post=8973"}],"curies":[{"name":"wp","href":"https:\/\/api.w.org\/{rel}","templated":true}]}}