{"id":8993,"date":"2022-11-28T19:38:05","date_gmt":"2022-11-28T18:38:05","guid":{"rendered":"https:\/\/www.sitercl.com\/News\/?p=8993"},"modified":"2022-11-28T19:38:05","modified_gmt":"2022-11-28T18:38:05","slug":"le-ghana-se-relance","status":"publish","type":"post","link":"https:\/\/www.sitercl.com\/News\/?p=8993","title":{"rendered":"Le Ghana\u00a0se relance"},"content":{"rendered":"<div class=\"wp-block-image\">\n<figure class=\"alignright size-large\"><img decoding=\"async\" src=\"https:\/\/www.sitercl.com\/Fichejo\/A\/abdulsas.gif\" alt=\"\"\/><\/figure>\n<\/div>\n\n\n<p>En battant la Cor\u00e9e du Sud\u00a0(3-2), le Ghana s&rsquo;est relanc\u00e9 en Coupe du monde dans le groupe H ce lundi en d\u00e9but d&rsquo;apr\u00e8s-midi. Le Lensois Salis Abdul Samed a \u00e9t\u00e9 titulaire lors de l&rsquo;ensemble de la rencontre. Le Ghana est actuellement deuxi\u00e8me du groupe H \u00e0 \u00e9galit\u00e9 de points avec le Portugal en attendant le match de celui-ci face \u00e0 l&rsquo;Uruguay ce lundi soir (coup d&rsquo;envoi \u00e0 20h00).<\/p>\n\n\n\n<p>Du c\u00f4t\u00e9 des Bleus, l&rsquo;ancien portier lensois, Alphonse Areola, a \u00e9t\u00e9 m\u00e9nag\u00e9 par Didier Deschamp. En effet, il souffre l\u00e9g\u00e8rement du dos.<\/p>\n","protected":false},"excerpt":{"rendered":"<p>En battant la Cor\u00e9e du Sud\u00a0(3-2), le Ghana s&rsquo;est relanc\u00e9 en Coupe du monde dans le groupe H ce lundi en d\u00e9but d&rsquo;apr\u00e8s-midi. Le Lensois Salis Abdul Samed a \u00e9t\u00e9 titulaire lors de l&rsquo;ensemble de la rencontre. Le Ghana est actuellement deuxi\u00e8me du groupe H \u00e0 \u00e9galit\u00e9 de points avec le Portugal en attendant le &hellip; <a href=\"https:\/\/www.sitercl.com\/News\/?p=8993\" class=\"more-link\">Continuer la lecture<span class=\"screen-reader-text\"> de &laquo;&nbsp;Le Ghana\u00a0se relance&nbsp;&raquo;<\/span><\/a><\/p>\n","protected":false},"author":2,"featured_media":0,"comment_status":"closed","ping_status":"open","sticky":false,"template":"","format":"standard","meta":{"footnotes":""},"categories":[2],"tags":[537,77,481,560,395],"class_list":["post-8993","post","type-post","status-publish","format-standard","hentry","category-infos","tag-abdul-samed","tag-ancien","tag-areola","tag-qatar2022","tag-selection"],"_links":{"self":[{"href":"https:\/\/www.sitercl.com\/News\/index.php?rest_route=\/wp\/v2\/posts\/8993","targetHints":{"allow":["GET"]}}],"collection":[{"href":"https:\/\/www.sitercl.com\/News\/index.php?rest_route=\/wp\/v2\/posts"}],"about":[{"href":"https:\/\/www.sitercl.com\/News\/index.php?rest_route=\/wp\/v2\/types\/post"}],"author":[{"embeddable":true,"href":"https:\/\/www.sitercl.com\/News\/index.php?rest_route=\/wp\/v2\/users\/2"}],"replies":[{"embeddable":true,"href":"https:\/\/www.sitercl.com\/News\/index.php?rest_route=%2Fwp%2Fv2%2Fcomments&post=8993"}],"version-history":[{"count":1,"href":"https:\/\/www.sitercl.com\/News\/index.php?rest_route=\/wp\/v2\/posts\/8993\/revisions"}],"predecessor-version":[{"id":8994,"href":"https:\/\/www.sitercl.com\/News\/index.php?rest_route=\/wp\/v2\/posts\/8993\/revisions\/8994"}],"wp:attachment":[{"href":"https:\/\/www.sitercl.com\/News\/index.php?rest_route=%2Fwp%2Fv2%2Fmedia&parent=8993"}],"wp:term":[{"taxonomy":"category","embeddable":true,"href":"https:\/\/www.sitercl.com\/News\/index.php?rest_route=%2Fwp%2Fv2%2Fcategories&post=8993"},{"taxonomy":"post_tag","embeddable":true,"href":"https:\/\/www.sitercl.com\/News\/index.php?rest_route=%2Fwp%2Fv2%2Ftags&post=8993"}],"curies":[{"name":"wp","href":"https:\/\/api.w.org\/{rel}","templated":true}]}}