{"id":8997,"date":"2022-11-30T21:31:42","date_gmt":"2022-11-30T20:31:42","guid":{"rendered":"https:\/\/www.sitercl.com\/News\/?p=8997"},"modified":"2022-12-02T19:05:19","modified_gmt":"2022-12-02T18:05:19","slug":"la-france-premiere-malgre-une-defaite","status":"publish","type":"post","link":"https:\/\/www.sitercl.com\/News\/?p=8997","title":{"rendered":"La France premi\u00e8re malgr\u00e9 une d\u00e9faite"},"content":{"rendered":"<div class=\"wp-block-image\">\n<figure class=\"alignright size-large\"><img decoding=\"async\" src=\"https:\/\/www.sitercl.com\/STADE0\/STADE1\/STADE2\/ST20ILmf.gif\" alt=\"\"\/><\/figure>\n<\/div>\n\n\n<p>Ce mercredi, pour son troisi\u00e8me et dernier match de groupe en Coupe du Monde, la France s&rsquo;est inclin\u00e9e face \u00e0 la Tunisie (1-0). Antoine Griezmann avait pourtant cru \u00e9galiser au bout du temps additionnel (90e+8) mais la VAR, et alors que le coup de sifflet final avait \u00e9t\u00e9 donn\u00e9, \u00e0 demander \u00e0 l&rsquo;arbitre de la rencontre de visionner les images. Ce dernier a alors annul\u00e9 le but pour une position de hors-jeu.<\/p>\n\n\n\n<p>L&rsquo;ancien d\u00e9fenseur lensois, Rapha\u00ebl Varane \u00e9tait titulaire mais il a \u00e9t\u00e9 remplac\u00e9 \u00e0 la 63e minute.<\/p>\n\n\n\n<p>Une d\u00e9faite qui fait un peu t\u00e2che mais sans cons\u00e9quence puisque les Bleus restent premier du groupe D face \u00e0 une surprenante \u00e9quipe d&rsquo;Australie qui a gagn\u00e9 dans le m\u00eame temps face au Danemark (1-0) et qui n&rsquo;est derri\u00e8re la France qu&rsquo;\u00e0 la diff\u00e9rence de buts&#8230;<\/p>\n\n\n\n<p>La France premi\u00e8re du Groupe D qui affrontera en huiti\u00e8me de finale Przemyslaw Frankowski\u00a0et ses co\u00e9quipiers le dimanche 4 d\u00e9cembre \u00e0 16h00. En effet, la Pologne qui s&rsquo;est inclin\u00e9e 2-0 en soir\u00e9e face \u00e0 l&rsquo;Argentine termine deuxi\u00e8me du groupe C. Le lensois \u00e9tait titulaire lors de la premi\u00e8re p\u00e9riode.<\/p>\n","protected":false},"excerpt":{"rendered":"<p>Ce mercredi, pour son troisi\u00e8me et dernier match de groupe en Coupe du Monde, la France s&rsquo;est inclin\u00e9e face \u00e0 la Tunisie (1-0). Antoine Griezmann avait pourtant cru \u00e9galiser au bout du temps additionnel (90e+8) mais la VAR, et alors que le coup de sifflet final avait \u00e9t\u00e9 donn\u00e9, \u00e0 demander \u00e0 l&rsquo;arbitre de la &hellip; <a href=\"https:\/\/www.sitercl.com\/News\/?p=8997\" class=\"more-link\">Continuer la lecture<span class=\"screen-reader-text\"> de &laquo;&nbsp;La France premi\u00e8re malgr\u00e9 une d\u00e9faite&nbsp;&raquo;<\/span><\/a><\/p>\n","protected":false},"author":2,"featured_media":0,"comment_status":"closed","ping_status":"open","sticky":false,"template":"","format":"standard","meta":{"footnotes":""},"categories":[2],"tags":[238,458,560,7,257],"class_list":["post-8997","post","type-post","status-publish","format-standard","hentry","category-infos","tag-bleus","tag-frankowski","tag-qatar2022","tag-resultats","tag-varane"],"_links":{"self":[{"href":"https:\/\/www.sitercl.com\/News\/index.php?rest_route=\/wp\/v2\/posts\/8997","targetHints":{"allow":["GET"]}}],"collection":[{"href":"https:\/\/www.sitercl.com\/News\/index.php?rest_route=\/wp\/v2\/posts"}],"about":[{"href":"https:\/\/www.sitercl.com\/News\/index.php?rest_route=\/wp\/v2\/types\/post"}],"author":[{"embeddable":true,"href":"https:\/\/www.sitercl.com\/News\/index.php?rest_route=\/wp\/v2\/users\/2"}],"replies":[{"embeddable":true,"href":"https:\/\/www.sitercl.com\/News\/index.php?rest_route=%2Fwp%2Fv2%2Fcomments&post=8997"}],"version-history":[{"count":3,"href":"https:\/\/www.sitercl.com\/News\/index.php?rest_route=\/wp\/v2\/posts\/8997\/revisions"}],"predecessor-version":[{"id":9010,"href":"https:\/\/www.sitercl.com\/News\/index.php?rest_route=\/wp\/v2\/posts\/8997\/revisions\/9010"}],"wp:attachment":[{"href":"https:\/\/www.sitercl.com\/News\/index.php?rest_route=%2Fwp%2Fv2%2Fmedia&parent=8997"}],"wp:term":[{"taxonomy":"category","embeddable":true,"href":"https:\/\/www.sitercl.com\/News\/index.php?rest_route=%2Fwp%2Fv2%2Fcategories&post=8997"},{"taxonomy":"post_tag","embeddable":true,"href":"https:\/\/www.sitercl.com\/News\/index.php?rest_route=%2Fwp%2Fv2%2Ftags&post=8997"}],"curies":[{"name":"wp","href":"https:\/\/api.w.org\/{rel}","templated":true}]}}