{"id":9127,"date":"2022-12-31T10:57:37","date_gmt":"2022-12-31T09:57:37","guid":{"rendered":"https:\/\/www.sitercl.com\/News\/?p=9127"},"modified":"2022-12-31T11:01:21","modified_gmt":"2022-12-31T10:01:21","slug":"le-mercato-va-ouvrir","status":"publish","type":"post","link":"https:\/\/www.sitercl.com\/News\/?p=9127","title":{"rendered":"Le mercato va ouvrir"},"content":{"rendered":"<div class=\"wp-block-image\">\n<figure class=\"alignright size-full\"><img loading=\"lazy\" decoding=\"async\" width=\"180\" height=\"150\" src=\"https:\/\/www.sitercl.com\/News\/wp-content\/uploads\/2018\/12\/transfer.jpg\" alt=\"\" class=\"wp-image-374\"\/><\/figure>\n<\/div>\n\n\n<p>C&rsquo;est ce dimanche que d\u00e9bute le mercato hivernal pour le RC Lens ainsi que l&rsquo;ensemble des clubs fran\u00e7ais. Si le club art\u00e9sien n&rsquo;a pas attendu celui-ci pour d\u00e9j\u00e0 se renforcer en faisant signer Julien Le Cardinal comme joker, il devrait continuer \u00e0 le faire au moins pour un joueur au niveau offensif. En effet, la nouvelle op\u00e9ration au pied de Buksa, qui ne devrait pas \u00eatre op\u00e9rationnel avant le printemps, laisse un trou en attaque qui n&rsquo;a pas \u00e9t\u00e9 le point le plus fort du club lors de la premi\u00e8re partie de saison. Un profil plus mobile que l&rsquo;international polonais est toutefois recherch\u00e9.<br>Mais un autre joueur pourrait arriver, en particulier si une op\u00e9ration de l&rsquo;\u00e9paule pour David Pereira Da Costa est n\u00e9cessaire. L&rsquo;opportunit\u00e9 d&rsquo;un pr\u00eat avec option d&rsquo;achat d&rsquo;un ailier capable de le suppl\u00e9er serait alors \u00e9tudi\u00e9e\u2026<\/p>\n\n\n\n<p>Sans compter d&rsquo;autres renforts si des d\u00e9parts (pas vraiment d\u00e9sir\u00e9s mais pas compl\u00e8tement exclus) venaient \u00e0 arriver. On sait par exemple que de nombreux clubs regardent du c\u00f4t\u00e9 de\u00a0Facundo Medina. R\u00e9ponse(s) jusqu\u2019au 31 janvier, 23 h.<\/p>\n","protected":false},"excerpt":{"rendered":"<p>C&rsquo;est ce dimanche que d\u00e9bute le mercato hivernal pour le RC Lens ainsi que l&rsquo;ensemble des clubs fran\u00e7ais. Si le club art\u00e9sien n&rsquo;a pas attendu celui-ci pour d\u00e9j\u00e0 se renforcer en faisant signer Julien Le Cardinal comme joker, il devrait continuer \u00e0 le faire au moins pour un joueur au niveau offensif. En effet, la &hellip; <a href=\"https:\/\/www.sitercl.com\/News\/?p=9127\" class=\"more-link\">Continuer la lecture<span class=\"screen-reader-text\"> de &laquo;&nbsp;Le mercato va ouvrir&nbsp;&raquo;<\/span><\/a><\/p>\n","protected":false},"author":2,"featured_media":0,"comment_status":"closed","ping_status":"open","sticky":false,"template":"","format":"standard","meta":{"footnotes":""},"categories":[2],"tags":[64],"class_list":["post-9127","post","type-post","status-publish","format-standard","hentry","category-infos","tag-mercato"],"_links":{"self":[{"href":"https:\/\/www.sitercl.com\/News\/index.php?rest_route=\/wp\/v2\/posts\/9127","targetHints":{"allow":["GET"]}}],"collection":[{"href":"https:\/\/www.sitercl.com\/News\/index.php?rest_route=\/wp\/v2\/posts"}],"about":[{"href":"https:\/\/www.sitercl.com\/News\/index.php?rest_route=\/wp\/v2\/types\/post"}],"author":[{"embeddable":true,"href":"https:\/\/www.sitercl.com\/News\/index.php?rest_route=\/wp\/v2\/users\/2"}],"replies":[{"embeddable":true,"href":"https:\/\/www.sitercl.com\/News\/index.php?rest_route=%2Fwp%2Fv2%2Fcomments&post=9127"}],"version-history":[{"count":2,"href":"https:\/\/www.sitercl.com\/News\/index.php?rest_route=\/wp\/v2\/posts\/9127\/revisions"}],"predecessor-version":[{"id":9131,"href":"https:\/\/www.sitercl.com\/News\/index.php?rest_route=\/wp\/v2\/posts\/9127\/revisions\/9131"}],"wp:attachment":[{"href":"https:\/\/www.sitercl.com\/News\/index.php?rest_route=%2Fwp%2Fv2%2Fmedia&parent=9127"}],"wp:term":[{"taxonomy":"category","embeddable":true,"href":"https:\/\/www.sitercl.com\/News\/index.php?rest_route=%2Fwp%2Fv2%2Fcategories&post=9127"},{"taxonomy":"post_tag","embeddable":true,"href":"https:\/\/www.sitercl.com\/News\/index.php?rest_route=%2Fwp%2Fv2%2Ftags&post=9127"}],"curies":[{"name":"wp","href":"https:\/\/api.w.org\/{rel}","templated":true}]}}