{"id":9322,"date":"2023-01-21T17:50:07","date_gmt":"2023-01-21T16:50:07","guid":{"rendered":"https:\/\/www.sitercl.com\/News\/?p=9322"},"modified":"2023-01-21T18:45:53","modified_gmt":"2023-01-21T17:45:53","slug":"les-groupes-pour-brest-lens-en-cdf","status":"publish","type":"post","link":"https:\/\/www.sitercl.com\/News\/?p=9322","title":{"rendered":"Les groupes pour Brest &#8211; Lens en CdF"},"content":{"rendered":"<div class=\"wp-block-image\">\n<figure class=\"alignright size-full\"><img loading=\"lazy\" decoding=\"async\" width=\"137\" height=\"150\" src=\"https:\/\/www.sitercl.com\/News\/wp-content\/uploads\/2018\/12\/grpjoueu.jpg\" alt=\"\" class=\"wp-image-248\"\/><\/figure>\n<\/div>\n\n\n<p>Voici les groupes convoqu\u00e9s pour le 16e de finale entre le Stade Brestois et le RC Lens de ce dimanche \u00e0 partir de 21h.<\/p>\n\n\n\n<p><strong>Pour le Stade Brestois<\/strong> :<br>Bizot, Blazquez, Coudert \u2013 Fadiga, Dari, Duverne, H\u00e9relle, Brassier, Lala \u2013 Lees Melou, Belkebla, Magnetti, Camara \u2013 Arconte, Camblan, Honorat, Karamoko, Le Douardon, Mouni\u00e9, Slimani.<\/p>\n\n\n\n<p>Rappel le Stade Brestois a un nouvel entra\u00eeneur depuis le d\u00e9but de l&rsquo;ann\u00e9e. Il s&rsquo;agit de \u00c9ric Roy qui avait travaill\u00e9 au RCL en tant que manager sportif de 10\/2017 \u00e0 04\/2019.<\/p>\n\n\n\n<p>Brendan Chardonnet souffre d\u2019une l\u00e9sion musculaire \u00e0 la cuisse et est donc forfait tout comme\u00a0Del Castillo (mollet) et Pereira Lage (cheville). L\u2019attaquant du Stade Brestois, Irvin Cardona, s\u2019est lui engag\u00e9 cette semaine avec Augsbourg en Bundeliga.<\/p>\n\n\n\n<p><strong>Pour le RC Lens<\/strong> :<br>Jean-Louis LECA, Brice SAMBA; Isma\u00ebl BOURA, Kevin DANSO, Przemyslaw FRANKOWSKI, Jonathan GRADIT, Massadio HA\u00cfDARA,&nbsp;Julien LE CARDINAL, Deiver MACHADO, Facundo MEDINA; Salis ABDUL SAMED, Alexis CLAUDE-MAURICE, Seko FOFANA, Jean ONANA, David PEREIRA DA COSTA, Lukasz POREBA, Adrien THOMASSON.; Lo\u00efs OPENDA, Wesley SA\u00cfD, Florian SOTOCA.<\/p>\n\n\n\n<p>Pas de bless\u00e9s suppl\u00e9mentaires par rapport aux forfaits de longue date \u00e0 savoir Adam BUKSA (cheville),&nbsp;Jimmy CABOT (genou) et Wuilker FARINEZ (genou).<br>Comme lors du tour pr\u00e9c\u00e9dent, c&rsquo;est Jean-Louis Leca qui devrait \u00eatre titulaire dans les buts. Isma\u00ebl Boura retrouve le groupe alors que R\u00e9my Labeau Lascary a \u00e9t\u00e9 mis \u00e0 la disposition de la Nat 3.<\/p>\n\n\n\n<p><strong>L&rsquo;arbitre<\/strong> :<br>L&rsquo;arbitrage de ce match sera confi\u00e9 \u00e0&nbsp;Pierre Gaillouste. \u00c2g\u00e9 de 33 ans, originaire de la Ligue de Bourgogne, il a dirig\u00e9 10 matches de L1 (33 cartons jaune et 2 rouge) et 1 en Coupe de France depuis le d\u00e9but de la saison mais pas encore les Sang et Or.<br>On peut toutefois indiquer qu&rsquo;avec son penalty siffl\u00e9 lors de Lens &#8211; Orl\u00e9ans (<a href=\"https:\/\/www.sitercl.com\/Matches\/2019-20\/Champion\/Domicile\/orleansu.htm\">1-0<\/a>, dernier match avant l&rsquo;interruption de la saison pour pand\u00e9mie en 2020), il est largement protagoniste dans le retour du RCL en Ligue 1 !<\/p>\n","protected":false},"excerpt":{"rendered":"<p>Voici les groupes convoqu\u00e9s pour le 16e de finale entre le Stade Brestois et le RC Lens de ce dimanche \u00e0 partir de 21h. Pour le Stade Brestois :Bizot, Blazquez, Coudert \u2013 Fadiga, Dari, Duverne, H\u00e9relle, Brassier, Lala \u2013 Lees Melou, Belkebla, Magnetti, Camara \u2013 Arconte, Camblan, Honorat, Karamoko, Le Douardon, Mouni\u00e9, Slimani. Rappel le &hellip; <a href=\"https:\/\/www.sitercl.com\/News\/?p=9322\" class=\"more-link\">Continuer la lecture<span class=\"screen-reader-text\"> de &laquo;&nbsp;Les groupes pour Brest &#8211; Lens en CdF&nbsp;&raquo;<\/span><\/a><\/p>\n","protected":false},"author":2,"featured_media":0,"comment_status":"closed","ping_status":"open","sticky":false,"template":"","format":"standard","meta":{"footnotes":""},"categories":[2],"tags":[23,25,11],"class_list":["post-9322","post","type-post","status-publish","format-standard","hentry","category-infos","tag-brest","tag-coupe-de-france","tag-groupes"],"_links":{"self":[{"href":"https:\/\/www.sitercl.com\/News\/index.php?rest_route=\/wp\/v2\/posts\/9322","targetHints":{"allow":["GET"]}}],"collection":[{"href":"https:\/\/www.sitercl.com\/News\/index.php?rest_route=\/wp\/v2\/posts"}],"about":[{"href":"https:\/\/www.sitercl.com\/News\/index.php?rest_route=\/wp\/v2\/types\/post"}],"author":[{"embeddable":true,"href":"https:\/\/www.sitercl.com\/News\/index.php?rest_route=\/wp\/v2\/users\/2"}],"replies":[{"embeddable":true,"href":"https:\/\/www.sitercl.com\/News\/index.php?rest_route=%2Fwp%2Fv2%2Fcomments&post=9322"}],"version-history":[{"count":2,"href":"https:\/\/www.sitercl.com\/News\/index.php?rest_route=\/wp\/v2\/posts\/9322\/revisions"}],"predecessor-version":[{"id":9325,"href":"https:\/\/www.sitercl.com\/News\/index.php?rest_route=\/wp\/v2\/posts\/9322\/revisions\/9325"}],"wp:attachment":[{"href":"https:\/\/www.sitercl.com\/News\/index.php?rest_route=%2Fwp%2Fv2%2Fmedia&parent=9322"}],"wp:term":[{"taxonomy":"category","embeddable":true,"href":"https:\/\/www.sitercl.com\/News\/index.php?rest_route=%2Fwp%2Fv2%2Fcategories&post=9322"},{"taxonomy":"post_tag","embeddable":true,"href":"https:\/\/www.sitercl.com\/News\/index.php?rest_route=%2Fwp%2Fv2%2Ftags&post=9322"}],"curies":[{"name":"wp","href":"https:\/\/api.w.org\/{rel}","templated":true}]}}