{"id":9378,"date":"2023-01-28T08:48:43","date_gmt":"2023-01-28T07:48:43","guid":{"rendered":"https:\/\/www.sitercl.com\/News\/?p=9378"},"modified":"2023-01-28T10:04:26","modified_gmt":"2023-01-28T09:04:26","slug":"les-groupes-pour-troyes-lens-6","status":"publish","type":"post","link":"https:\/\/www.sitercl.com\/News\/?p=9378","title":{"rendered":"Les groupes pour Troyes &#8211; Lens"},"content":{"rendered":"<div class=\"wp-block-image\">\n<figure class=\"alignright size-full\"><img loading=\"lazy\" decoding=\"async\" width=\"137\" height=\"150\" src=\"https:\/\/www.sitercl.com\/News\/wp-content\/uploads\/2018\/12\/grpjoueu.jpg\" alt=\"\" class=\"wp-image-248\"\/><\/figure>\n<\/div>\n\n\n<p>Voici les groupes convoqu\u00e9s pour la rencontre de samedi (coup d&rsquo;envoi \u00e0 17h00) entre l&rsquo;ESTAC Troyes et le RC Lens&#8230;<\/p>\n\n\n\n<p><strong>Pour Troyes<\/strong> :<br>Lis, Gallon \u2013 T. Bald\u00e9, Salmier, Palmer-Brown, Zoukrou, Porozo, Agoum\u00e9, Cont\u00e9, Kouam\u00e9, Chavalerin, Bruus, Lopes, Larouci, Mazou-Sacko, Moreno, Amhed Fatah, Odobert, Ugbo, M. Bald\u00e9.<\/p>\n\n\n\n<p>L\u2019ESTAC Troyes devra faire sans&nbsp;Danel Dongmo&nbsp;et&nbsp;Renaud Ripart, tous deux suspendus. Troyes qui a aussi des bless\u00e9s avec Florian&nbsp;Tardieu (tendon d&rsquo;Achille), Ante Palaversa, Tristan&nbsp;Dingom\u00e9 et certainement Adil Rami selon l&rsquo;Est Eclair.<\/p>\n\n\n\n<p><strong>Pour le RC Lens<\/strong> :<br>Jean-Louis LECA, Brice SAMBA; Isma\u00ebl BOURA,&nbsp;Kevin DANSO, Przemyslaw FRANKOWSKI, Jonathan GRADIT, Massadio HA\u00cfDARA,&nbsp;Julien LE CARDINAL, Deiver MACHADO, Facundo MEDINA; Salis ABDUL SAMED, Alexis CLAUDE-MAURICE, Seko FOFANA, Jean ONANA, David PEREIRA DA COSTA,&nbsp;Adrien THOMASSON; R\u00e9my LABEAU LASCARY, Lo\u00efs OPENDA, Wesley SAID, Florian SOTOCA.<\/p>\n\n\n\n<p>Pour ce d\u00e9placement, Franck Haise pourra compter sur l\u2019int\u00e9gralit\u00e9 de son effectif, hormis les trois bless\u00e9s longue dur\u00e9e : Jimmy Cabot (ligaments du genou), Wuilker Farinez (ligaments du genou) et Adam Buksa (cheville).<\/p>\n\n\n\n<p><strong>Les arbitres<\/strong> :<br>L&rsquo;arbitre de la rencontre sera M. Cl\u00e9ment TURPIN (40 ans). Il sera assist\u00e9 dans sa t\u00e2che par Nicolas DANOS et Aur\u00e9lien BERTHOMIEU. Le 4e arbitre sera Soulaimane CHAMEL.<br>Les arbitres vid\u00e9o seront St\u00e9phanie FRAPPART et St\u00e9phane BRE.<\/p>\n\n\n\n<p>Depuis le d\u00e9but de la saison, Cl\u00e9ment TURPIN a arbitr\u00e9 9 matches de L1 o\u00f9 il a distribu\u00e9 24 cartons jaune et 4 rouge. Ce sera son premier match de la saison avec les Lensois. <\/p>\n","protected":false},"excerpt":{"rendered":"<p>Voici les groupes convoqu\u00e9s pour la rencontre de samedi (coup d&rsquo;envoi \u00e0 17h00) entre l&rsquo;ESTAC Troyes et le RC Lens&#8230; Pour Troyes :Lis, Gallon \u2013 T. Bald\u00e9, Salmier, Palmer-Brown, Zoukrou, Porozo, Agoum\u00e9, Cont\u00e9, Kouam\u00e9, Chavalerin, Bruus, Lopes, Larouci, Mazou-Sacko, Moreno, Amhed Fatah, Odobert, Ugbo, M. Bald\u00e9. L\u2019ESTAC Troyes devra faire sans&nbsp;Danel Dongmo&nbsp;et&nbsp;Renaud Ripart, tous deux &hellip; <a href=\"https:\/\/www.sitercl.com\/News\/?p=9378\" class=\"more-link\">Continuer la lecture<span class=\"screen-reader-text\"> de &laquo;&nbsp;Les groupes pour Troyes &#8211; Lens&nbsp;&raquo;<\/span><\/a><\/p>\n","protected":false},"author":2,"featured_media":0,"comment_status":"closed","ping_status":"open","sticky":false,"template":"","format":"standard","meta":{"footnotes":""},"categories":[2],"tags":[11,151,93],"class_list":["post-9378","post","type-post","status-publish","format-standard","hentry","category-infos","tag-groupes","tag-ligue-1","tag-troyes"],"_links":{"self":[{"href":"https:\/\/www.sitercl.com\/News\/index.php?rest_route=\/wp\/v2\/posts\/9378","targetHints":{"allow":["GET"]}}],"collection":[{"href":"https:\/\/www.sitercl.com\/News\/index.php?rest_route=\/wp\/v2\/posts"}],"about":[{"href":"https:\/\/www.sitercl.com\/News\/index.php?rest_route=\/wp\/v2\/types\/post"}],"author":[{"embeddable":true,"href":"https:\/\/www.sitercl.com\/News\/index.php?rest_route=\/wp\/v2\/users\/2"}],"replies":[{"embeddable":true,"href":"https:\/\/www.sitercl.com\/News\/index.php?rest_route=%2Fwp%2Fv2%2Fcomments&post=9378"}],"version-history":[{"count":6,"href":"https:\/\/www.sitercl.com\/News\/index.php?rest_route=\/wp\/v2\/posts\/9378\/revisions"}],"predecessor-version":[{"id":9395,"href":"https:\/\/www.sitercl.com\/News\/index.php?rest_route=\/wp\/v2\/posts\/9378\/revisions\/9395"}],"wp:attachment":[{"href":"https:\/\/www.sitercl.com\/News\/index.php?rest_route=%2Fwp%2Fv2%2Fmedia&parent=9378"}],"wp:term":[{"taxonomy":"category","embeddable":true,"href":"https:\/\/www.sitercl.com\/News\/index.php?rest_route=%2Fwp%2Fv2%2Fcategories&post=9378"},{"taxonomy":"post_tag","embeddable":true,"href":"https:\/\/www.sitercl.com\/News\/index.php?rest_route=%2Fwp%2Fv2%2Ftags&post=9378"}],"curies":[{"name":"wp","href":"https:\/\/api.w.org\/{rel}","templated":true}]}}