{"id":9434,"date":"2023-02-01T19:22:22","date_gmt":"2023-02-01T18:22:22","guid":{"rendered":"https:\/\/www.sitercl.com\/News\/?p=9434"},"modified":"2023-02-01T20:54:49","modified_gmt":"2023-02-01T19:54:49","slug":"angelo-fulgini-presente-pour-lens-nice","status":"publish","type":"post","link":"https:\/\/www.sitercl.com\/News\/?p=9434","title":{"rendered":"Angelo Fulgini pr\u00e9sent\u00e9 pour Lens &#8211; Nice ?"},"content":{"rendered":"<div class=\"wp-block-image\">\n<figure class=\"alignright size-large\"><img decoding=\"async\" src=\"https:\/\/www.sitercl.com\/Fichejo\/F\/fulginia.gif\" alt=\"\"\/><\/figure>\n<\/div>\n\n\n<p>En toute fin de mercato mardi soir, le RC Lens aurait recrut\u00e9 Angelo Fulgini, c&rsquo;est encore du conditionnel car le club ne l&rsquo;a pas officialis\u00e9 m\u00eame si son tweet mercredi matin \u00ab\u00a0<em>Le passager du vol AF20 se pr\u00e9sentera sur le tarmac de Bollaert-Delelis \u00e0 20h30<\/em>.\u00a0\u00bb ne laisse pas beaucoup de doute. Il sera donc pr\u00e9sent\u00e9 avant la rencontre Lens &#8211; Nice.<\/p>\n\n\n\n<p>Six mois donc apr\u00e8s son d\u00e9part pour Mayence en Allemagne, lui qui avait quitt\u00e9 le SCO d&rsquo;Angers au terme de la saison derni\u00e8re, le milieu de terrain de 26 ans va revenir en France et dans la r\u00e9gion qui l&rsquo;a vu grandir \u00e0 partir de ses dix ans m\u00eame s&rsquo;il est&nbsp;natif d&rsquo;Abidjan en C\u00f4te d&rsquo;Ivoire puis arriv\u00e9 dans le Sud. L&rsquo;international Espoir fran\u00e7ais a \u00e9t\u00e9 pr\u00eat\u00e9 avec une option d&rsquo;achat obligatoire en fin de saison.<\/p>\n\n\n\n<p>Le directeur sportif de Mayence, Christian Heidel, a pour sa part d\u00e9clar\u00e9 \u00ab\u00a0<em>Angelo nous a rejoints que cet \u00e9t\u00e9 mais il a moins jou\u00e9 qu\u2019il ne l\u2019avait esp\u00e9r\u00e9. Il nous a approch\u00e9s avec le d\u00e9sir de rejoindre le RC Lens. Angelo a grandi dans la r\u00e9gion et il a l\u2019opportunit\u00e9 de jouer la Ligue des champions avec l\u2019actuel deuxi\u00e8me du championnat de France. Les conditions \u00e9conomiques g\u00e9n\u00e9rales sont bonnes pour nous. Nous lui souhaitons bonne chance et plein succ\u00e8s \u00e0 Lens<\/em>\u00ab\u00a0. Son transfert d&rsquo;Angers \u00e0 Mayence \u00e9tait estim\u00e9 \u00e0 7M\u20ac, Lens a donc certainement d\u00e9pens\u00e9 un peu plus&#8230;<\/p>\n\n\n\n<p>M.a.j : son arriv\u00e9e a bien \u00e9t\u00e9 officialis\u00e9e avant la rencontre Lens &#8211; Nice. C&rsquo;est donc le Tome 11 du Mercatix du Racinx : \u00ab\u00a0<a rel=\"noreferrer noopener\" href=\"https:\/\/www.youtube.com\/watch?v=HETAVFvDbt8\" target=\"_blank\">FULGINIX LE RETOUR DE L&rsquo;ENFANT DU PAYX<\/a>\u00ab\u00a0&#8230;<\/p>\n","protected":false},"excerpt":{"rendered":"<p>En toute fin de mercato mardi soir, le RC Lens aurait recrut\u00e9 Angelo Fulgini, c&rsquo;est encore du conditionnel car le club ne l&rsquo;a pas officialis\u00e9 m\u00eame si son tweet mercredi matin \u00ab\u00a0Le passager du vol AF20 se pr\u00e9sentera sur le tarmac de Bollaert-Delelis \u00e0 20h30.\u00a0\u00bb ne laisse pas beaucoup de doute. Il sera donc pr\u00e9sent\u00e9 &hellip; <a href=\"https:\/\/www.sitercl.com\/News\/?p=9434\" class=\"more-link\">Continuer la lecture<span class=\"screen-reader-text\"> de &laquo;&nbsp;Angelo Fulgini pr\u00e9sent\u00e9 pour Lens &#8211; Nice ?&nbsp;&raquo;<\/span><\/a><\/p>\n","protected":false},"author":2,"featured_media":0,"comment_status":"closed","ping_status":"open","sticky":false,"template":"","format":"standard","meta":{"footnotes":""},"categories":[2],"tags":[573,574,64,198,58],"class_list":["post-9434","post","type-post","status-publish","format-standard","hentry","category-infos","tag-fulgini","tag-mayence","tag-mercato","tag-pret","tag-transfert"],"_links":{"self":[{"href":"https:\/\/www.sitercl.com\/News\/index.php?rest_route=\/wp\/v2\/posts\/9434","targetHints":{"allow":["GET"]}}],"collection":[{"href":"https:\/\/www.sitercl.com\/News\/index.php?rest_route=\/wp\/v2\/posts"}],"about":[{"href":"https:\/\/www.sitercl.com\/News\/index.php?rest_route=\/wp\/v2\/types\/post"}],"author":[{"embeddable":true,"href":"https:\/\/www.sitercl.com\/News\/index.php?rest_route=\/wp\/v2\/users\/2"}],"replies":[{"embeddable":true,"href":"https:\/\/www.sitercl.com\/News\/index.php?rest_route=%2Fwp%2Fv2%2Fcomments&post=9434"}],"version-history":[{"count":10,"href":"https:\/\/www.sitercl.com\/News\/index.php?rest_route=\/wp\/v2\/posts\/9434\/revisions"}],"predecessor-version":[{"id":9449,"href":"https:\/\/www.sitercl.com\/News\/index.php?rest_route=\/wp\/v2\/posts\/9434\/revisions\/9449"}],"wp:attachment":[{"href":"https:\/\/www.sitercl.com\/News\/index.php?rest_route=%2Fwp%2Fv2%2Fmedia&parent=9434"}],"wp:term":[{"taxonomy":"category","embeddable":true,"href":"https:\/\/www.sitercl.com\/News\/index.php?rest_route=%2Fwp%2Fv2%2Fcategories&post=9434"},{"taxonomy":"post_tag","embeddable":true,"href":"https:\/\/www.sitercl.com\/News\/index.php?rest_route=%2Fwp%2Fv2%2Ftags&post=9434"}],"curies":[{"name":"wp","href":"https:\/\/api.w.org\/{rel}","templated":true}]}}