{"id":9462,"date":"2023-02-02T20:02:40","date_gmt":"2023-02-02T19:02:40","guid":{"rendered":"https:\/\/www.sitercl.com\/News\/?p=9462"},"modified":"2023-02-02T20:02:40","modified_gmt":"2023-02-02T19:02:40","slug":"r-varane-prend-sa-retraite-internationale","status":"publish","type":"post","link":"https:\/\/www.sitercl.com\/News\/?p=9462","title":{"rendered":"R. Varane prend sa retraite internationale"},"content":{"rendered":"<div class=\"wp-block-image\">\n<figure class=\"alignright size-large\"><img decoding=\"async\" src=\"https:\/\/www.sitercl.com\/Fichejo\/V\/varanera.gif\" alt=\"\"\/><\/figure>\n<\/div>\n\n\n<p>Le champion du monde 2018 et finaliste 2022, Rapha\u00ebl Varane (29 ans), a indiqu\u00e9 avoir renonc\u00e9 \u00e0 l\u2019Equipe de France. Apr\u00e8s 93 s\u00e9lections avec les Bleus, le d\u00e9fenseur form\u00e9 au RC Lens est confront\u00e9 \u00e0 une certaine forme d\u2019usure physique et psychologique selon le journal \u00ab\u00a0<em>Le Parisien<\/em>\u00ab\u00a0. Il aspire, aussi, \u00e0 consacrer davantage de temps \u00e0 sa famille.<\/p>\n","protected":false},"excerpt":{"rendered":"<p>Le champion du monde 2018 et finaliste 2022, Rapha\u00ebl Varane (29 ans), a indiqu\u00e9 avoir renonc\u00e9 \u00e0 l\u2019Equipe de France. Apr\u00e8s 93 s\u00e9lections avec les Bleus, le d\u00e9fenseur form\u00e9 au RC Lens est confront\u00e9 \u00e0 une certaine forme d\u2019usure physique et psychologique selon le journal \u00ab\u00a0Le Parisien\u00ab\u00a0. Il aspire, aussi, \u00e0 consacrer davantage de temps &hellip; <a href=\"https:\/\/www.sitercl.com\/News\/?p=9462\" class=\"more-link\">Continuer la lecture<span class=\"screen-reader-text\"> de &laquo;&nbsp;R. Varane prend sa retraite internationale&nbsp;&raquo;<\/span><\/a><\/p>\n","protected":false},"author":2,"featured_media":0,"comment_status":"closed","ping_status":"open","sticky":false,"template":"","format":"standard","meta":{"footnotes":""},"categories":[2],"tags":[77,238,257],"class_list":["post-9462","post","type-post","status-publish","format-standard","hentry","category-infos","tag-ancien","tag-bleus","tag-varane"],"_links":{"self":[{"href":"https:\/\/www.sitercl.com\/News\/index.php?rest_route=\/wp\/v2\/posts\/9462","targetHints":{"allow":["GET"]}}],"collection":[{"href":"https:\/\/www.sitercl.com\/News\/index.php?rest_route=\/wp\/v2\/posts"}],"about":[{"href":"https:\/\/www.sitercl.com\/News\/index.php?rest_route=\/wp\/v2\/types\/post"}],"author":[{"embeddable":true,"href":"https:\/\/www.sitercl.com\/News\/index.php?rest_route=\/wp\/v2\/users\/2"}],"replies":[{"embeddable":true,"href":"https:\/\/www.sitercl.com\/News\/index.php?rest_route=%2Fwp%2Fv2%2Fcomments&post=9462"}],"version-history":[{"count":1,"href":"https:\/\/www.sitercl.com\/News\/index.php?rest_route=\/wp\/v2\/posts\/9462\/revisions"}],"predecessor-version":[{"id":9463,"href":"https:\/\/www.sitercl.com\/News\/index.php?rest_route=\/wp\/v2\/posts\/9462\/revisions\/9463"}],"wp:attachment":[{"href":"https:\/\/www.sitercl.com\/News\/index.php?rest_route=%2Fwp%2Fv2%2Fmedia&parent=9462"}],"wp:term":[{"taxonomy":"category","embeddable":true,"href":"https:\/\/www.sitercl.com\/News\/index.php?rest_route=%2Fwp%2Fv2%2Fcategories&post=9462"},{"taxonomy":"post_tag","embeddable":true,"href":"https:\/\/www.sitercl.com\/News\/index.php?rest_route=%2Fwp%2Fv2%2Ftags&post=9462"}],"curies":[{"name":"wp","href":"https:\/\/api.w.org\/{rel}","templated":true}]}}