{"id":9889,"date":"2023-03-25T11:26:49","date_gmt":"2023-03-25T10:26:49","guid":{"rendered":"https:\/\/www.sitercl.com\/News\/?p=9889"},"modified":"2023-03-25T11:26:49","modified_gmt":"2023-03-25T10:26:49","slug":"varane-ne-ferme-pas-la-porte-a-un-retour","status":"publish","type":"post","link":"https:\/\/www.sitercl.com\/News\/?p=9889","title":{"rendered":"Varane ne ferme pas la porte \u00e0 un retour"},"content":{"rendered":"<div class=\"wp-block-image\">\n<figure class=\"alignright size-large\"><img decoding=\"async\" src=\"https:\/\/www.sitercl.com\/Fichejo\/V\/varanera.gif\" alt=\"\"\/><\/figure>\n<\/div>\n\n\n<p>Le d\u00e9fenseur de Manchester United et ancien Lensois, Rapha\u00ebl Varane, s&rsquo;est confi\u00e9 au magazine am\u00e9ricain GQ. Il y a expliqu\u00e9 ne pas vouloir conna\u00eetre un nouveau club dans sa carri\u00e8re.<br>Mais il n&rsquo;a pas exclu pour autant tout transfert, la preuve dans sa r\u00e9ponse :<br><em>\u00ab\u00a0Je finirai ma carri\u00e8re soit \u00e0 Madrid, soit \u00e0 Manchester, soit \u00e0 Lens. C&rsquo;est s\u00fbr que je ne ferai pas d&rsquo;autre club. Mais Madrid, \u00e7a me para\u00eet compliqu\u00e9, on n&rsquo;y revient pas en g\u00e9n\u00e9ral. Le plus probable aujourd&rsquo;hui c&rsquo;est que je finisse \u00e0 Manchester ou \u00e0 Lens\u00a0\u00bb<\/em>.<\/p>\n\n\n\n<p>Des propos qui n&rsquo;ont bien s\u00fbr pas laiss\u00e9 insensible les supporters Sang et Or !<\/p>\n\n\n\n<p>L&rsquo;occasion de rappeler \u00e9galement que Varane a mis fin \u00e0 sa carri\u00e8re internationale chez les Bleus, il n&rsquo;\u00e9tait donc pas pr\u00e9sent vendredi soir pour la large victoire des Fran\u00e7ais face aux Pays-Bas (4-0) pour le premier match des \u00e9liminatoires de l&rsquo;Euro 2024. La portier Lensois, Brice Samba n&rsquo;\u00e9tait pas titulaire dans les buts, le r\u00f4le de gardien n\u00b01 \u00e9tant r\u00e9serv\u00e9 pour le moment \u00e0 Mike Maignan qui a r\u00e9ussi \u00e0 conserver sa cage inviol\u00e9e et a repouss\u00e9 un penalty dans les arr\u00eats de jeu.<\/p>\n","protected":false},"excerpt":{"rendered":"<p>Le d\u00e9fenseur de Manchester United et ancien Lensois, Rapha\u00ebl Varane, s&rsquo;est confi\u00e9 au magazine am\u00e9ricain GQ. Il y a expliqu\u00e9 ne pas vouloir conna\u00eetre un nouveau club dans sa carri\u00e8re.Mais il n&rsquo;a pas exclu pour autant tout transfert, la preuve dans sa r\u00e9ponse :\u00ab\u00a0Je finirai ma carri\u00e8re soit \u00e0 Madrid, soit \u00e0 Manchester, soit \u00e0 &hellip; <a href=\"https:\/\/www.sitercl.com\/News\/?p=9889\" class=\"more-link\">Continuer la lecture<span class=\"screen-reader-text\"> de &laquo;&nbsp;Varane ne ferme pas la porte \u00e0 un retour&nbsp;&raquo;<\/span><\/a><\/p>\n","protected":false},"author":2,"featured_media":0,"comment_status":"closed","ping_status":"open","sticky":false,"template":"","format":"standard","meta":{"footnotes":""},"categories":[2],"tags":[77,238,530,257],"class_list":["post-9889","post","type-post","status-publish","format-standard","hentry","category-infos","tag-ancien","tag-bleus","tag-samba","tag-varane"],"_links":{"self":[{"href":"https:\/\/www.sitercl.com\/News\/index.php?rest_route=\/wp\/v2\/posts\/9889","targetHints":{"allow":["GET"]}}],"collection":[{"href":"https:\/\/www.sitercl.com\/News\/index.php?rest_route=\/wp\/v2\/posts"}],"about":[{"href":"https:\/\/www.sitercl.com\/News\/index.php?rest_route=\/wp\/v2\/types\/post"}],"author":[{"embeddable":true,"href":"https:\/\/www.sitercl.com\/News\/index.php?rest_route=\/wp\/v2\/users\/2"}],"replies":[{"embeddable":true,"href":"https:\/\/www.sitercl.com\/News\/index.php?rest_route=%2Fwp%2Fv2%2Fcomments&post=9889"}],"version-history":[{"count":1,"href":"https:\/\/www.sitercl.com\/News\/index.php?rest_route=\/wp\/v2\/posts\/9889\/revisions"}],"predecessor-version":[{"id":9890,"href":"https:\/\/www.sitercl.com\/News\/index.php?rest_route=\/wp\/v2\/posts\/9889\/revisions\/9890"}],"wp:attachment":[{"href":"https:\/\/www.sitercl.com\/News\/index.php?rest_route=%2Fwp%2Fv2%2Fmedia&parent=9889"}],"wp:term":[{"taxonomy":"category","embeddable":true,"href":"https:\/\/www.sitercl.com\/News\/index.php?rest_route=%2Fwp%2Fv2%2Fcategories&post=9889"},{"taxonomy":"post_tag","embeddable":true,"href":"https:\/\/www.sitercl.com\/News\/index.php?rest_route=%2Fwp%2Fv2%2Ftags&post=9889"}],"curies":[{"name":"wp","href":"https:\/\/api.w.org\/{rel}","templated":true}]}}