{"id":9960,"date":"2023-04-06T19:26:57","date_gmt":"2023-04-06T17:26:57","guid":{"rendered":"https:\/\/www.sitercl.com\/News\/?p=9960"},"modified":"2023-04-06T19:26:57","modified_gmt":"2023-04-06T17:26:57","slug":"groupes-et-infos-avant-lens-strasbourg","status":"publish","type":"post","link":"https:\/\/www.sitercl.com\/News\/?p=9960","title":{"rendered":"Groupes et infos avant Lens &#8211; Strasbourg"},"content":{"rendered":"<div class=\"wp-block-image\">\n<figure class=\"alignright size-large\"><img decoding=\"async\" src=\"https:\/\/www.sitercl.com\/Clubs\/France\/strasbrc.gif\" alt=\"\"\/><\/figure>\n<\/div>\n\n\n<p>Retrouvez les groupes convoqu\u00e9s et quelques infos sur la rencontre entre le RC Lens et le RC Strasbourg de ce vendredi 7 avril \u00e0 partir de 21h comptant pour la 30e journ\u00e9e de Ligue 1 Uber Eats&#8230;<\/p>\n\n\n\n<p><strong>Les groupes<\/strong> :<\/p>\n\n\n\n<p><em>Pour le RC Lens&#8230;<\/em><br>Jean-Louis LECA, Brice SAMBA; Kevin DANSO, Przemyslaw FRANKOWSKI, Jonathan GRADIT, Massadio HA\u00cfDARA, Deiver MACHADO, Facundo MEDINA; Salis ABDUL SAMED, Alexis CLAUDE-MAURICE, Seko FOFANA,\u00a0Angelo FULGINI, Jean ONANA, David PEREIRA DA COSTA, Lukasz POREBA, Adrien THOMASSON; R\u00e9my LABEAU LASCARY, Lo\u00efs OPENDA, Wesley SAID, Florian SOTOCA.<\/p>\n\n\n\n<p>Les joueurs forfaits sont Adam BUKSA (pied &#8211; reprise), Jimmy CABOT (genou), Wuilker FARINEZ (genou),\u00a0Steven FORTES (genou) et Julien LE CARDINAL (genou).<\/p>\n\n\n\n<p><em>Pour le RC Strasbourg&#8230;<\/em><br>Matz Sels, Robin Risser \u2013 Colin Dagba, Thomas Delaine, Lucas Perrin, Gerzino Nyamsi, Alexander Djiku, Isma\u00ebl Doukour\u00e9, Fr\u00e9d\u00e9ric Guilbert, Eduard Sobol \u2013 Jean-Eudes Aholou, Morgan Sanson, Sanjin Prcic, Jeanricner Bellegarde, Yuito Suzuki, Habib Diarra, Ibrahima Sissoko \u2013 K\u00e9vin Gameiro, Lebo Mothiba, Habib Diallo.<\/p>\n\n\n\n<p>Les bless\u00e9s sont\u00a0Maxime Le Marchand (cheville) et Dimitri Li\u00e9nard\u00a0(quadriceps). Eiji Kawashima est en cours de reprise.<\/p>\n\n\n\n<p><strong>L&rsquo;\u00e9tat de forme de Strasbourg<\/strong> :<\/p>\n\n\n\n<p>Le RC Strasbourg est 16e de L1, premi\u00e8re \u00e9quipe non rel\u00e9guable donc pour le moment avec 26 points ne d\u00e9passant toutefois l&rsquo;AJ Auxerre, 17e, qu&rsquo;\u00e0 la diff\u00e9rence de buts. Brest devant n&rsquo;a aussi qu&rsquo;un point d&rsquo;avance.<br>A l&rsquo;ext\u00e9rieur son bilan est de 2 victoires (\u00e0 Angers et \u00e0 Lyon), 5 nuls et 7 d\u00e9faites pour une 16e place aussi \u00e0 ce classement.<\/p>\n\n\n\n<p>14e attaque du championnat avec 37 buts inscrits. L&rsquo;\u00e9quipe a cependant un buteur aussi performant que le Lensois Openda puisque Habib Diallo a inscrit 15 buts \u00e0 lui seul !  Leur meilleur passeur est l&rsquo;ancien lensois Jean-Ricner\u00a0Bellegarde avec 4 passes d\u00e9cisives.<br>15e d\u00e9fense pour le RCSA avec 50 buts encaiss\u00e9s.<\/p>\n\n\n\n<p>Attention, Strasbourg reste sur une d\u00e9faite avec les honneurs en Principaut\u00e9 (4-3) et avait gagn\u00e9 auparavant sur son terrain face \u00e0 Auxerre (2-0) et obtenu un nul \u00e0 Marseille (2-2).<\/p>\n\n\n\n<p><strong>Les confrontations entre les deux clubs<\/strong> :<\/p>\n\n\n\n<p>On se souvient que le Lens &#8211; Strasbourg de la saison pass\u00e9e avait \u00e9t\u00e9 un des plus mauvais souvenirs de 2021\/2022. Une d\u00e9faite (<a href=\"https:\/\/www.sitercl.com\/Matches\/2021-22\/Champion\/Domicile\/strasbrc.htm\">0-1<\/a>), la premi\u00e8re de la saison, dans un stade Bollaert-Delelis \u00e0 huis-clos et avec un carton rouge tr\u00e8s s\u00e9v\u00e8re contre Danso. Et le RC Lens devra faire mentir le proverbe \u00ab\u00a0jamais deux sans trois\u00a0\u00bb puisque la saison pr\u00e9c\u00e9dente, il avait \u00e9galement perdu (<a href=\"https:\/\/www.sitercl.com\/Matches\/2020-21\/Champion\/Domicile\/strasbrc.htm\">0-1<\/a>). La derni\u00e8re victoire art\u00e9sienne \u00e0 domicile en championnat (L1 + L2) remonte \u00e0 la saison 2008\/2009 (<a href=\"https:\/\/www.sitercl.com\/Matches\/2008-09\/Champion\/Domicile\/strasbrc.htm\">4-1<\/a>). Pourtant <a href=\"https:\/\/www.sitercl.com\/Clubs\/France\/strasbrc.htm\">historiquement<\/a> les r\u00e9sultats du RC Lens ne sont pas si mauvais face \u00e0 ce club.<\/p>\n\n\n\n<p>Au match aller, les deux clubs n&rsquo;avaient pas r\u00e9ussi \u00e0 se d\u00e9partager (<a href=\"https:\/\/www.sitercl.com\/Matches\/2022-23\/Champion\/Ext\/strasbrc.htm\">2-2<\/a>).<\/p>\n\n\n\n<p><strong>Quelques stats et infos<\/strong> :<\/p>\n\n\n\n<p>Le RC Lens reste sur 6 matches de championnat de suite sans d\u00e9faite (4 victoires et 2 nuls).<\/p>\n\n\n\n<p>Le match d\u00e9bute \u00e0 21h, les portes du stade Bollaert-Delelis ouvriront 1h30 avant le coup d\u2019envoi de la rencontre. Rappel,\u00a0<a href=\"https:\/\/www.sitercl.com\/News\/?p=8535\">une navette<\/a>\u00a0est disponible pour se rendre au stade.<\/p>\n\n\n\n<p>Cette rencontre sera le 22e match de suite \u00e0 Bollaert-Delelis \u00e0 se jouer \u00e0 guichets ferm\u00e9s. Il y aura donc du monde d&rsquo;autant plus que le parcage visiteurs sera lui aussi complet !<\/p>\n\n\n\n<p>La rencontre sera diffus\u00e9e en direct sur\u00a0<a rel=\"noreferrer noopener\" href=\"https:\/\/www.primevideo.com\/?tag=lesitedurclet-21\" target=\"_blank\">Prime Video<\/a>.<\/p>\n","protected":false},"excerpt":{"rendered":"<p>Retrouvez les groupes convoqu\u00e9s et quelques infos sur la rencontre entre le RC Lens et le RC Strasbourg de ce vendredi 7 avril \u00e0 partir de 21h comptant pour la 30e journ\u00e9e de Ligue 1 Uber Eats&#8230; Les groupes : Pour le RC Lens&#8230;Jean-Louis LECA, Brice SAMBA; Kevin DANSO, Przemyslaw FRANKOWSKI, Jonathan GRADIT, Massadio HA\u00cfDARA, &hellip; <a href=\"https:\/\/www.sitercl.com\/News\/?p=9960\" class=\"more-link\">Continuer la lecture<span class=\"screen-reader-text\"> de &laquo;&nbsp;Groupes et infos avant Lens &#8211; Strasbourg&nbsp;&raquo;<\/span><\/a><\/p>\n","protected":false},"author":2,"featured_media":0,"comment_status":"closed","ping_status":"open","sticky":false,"template":"","format":"standard","meta":{"footnotes":""},"categories":[2],"tags":[11,151,12,188],"class_list":["post-9960","post","type-post","status-publish","format-standard","hentry","category-infos","tag-groupes","tag-ligue-1","tag-stats","tag-strasbourg"],"_links":{"self":[{"href":"https:\/\/www.sitercl.com\/News\/index.php?rest_route=\/wp\/v2\/posts\/9960","targetHints":{"allow":["GET"]}}],"collection":[{"href":"https:\/\/www.sitercl.com\/News\/index.php?rest_route=\/wp\/v2\/posts"}],"about":[{"href":"https:\/\/www.sitercl.com\/News\/index.php?rest_route=\/wp\/v2\/types\/post"}],"author":[{"embeddable":true,"href":"https:\/\/www.sitercl.com\/News\/index.php?rest_route=\/wp\/v2\/users\/2"}],"replies":[{"embeddable":true,"href":"https:\/\/www.sitercl.com\/News\/index.php?rest_route=%2Fwp%2Fv2%2Fcomments&post=9960"}],"version-history":[{"count":3,"href":"https:\/\/www.sitercl.com\/News\/index.php?rest_route=\/wp\/v2\/posts\/9960\/revisions"}],"predecessor-version":[{"id":9971,"href":"https:\/\/www.sitercl.com\/News\/index.php?rest_route=\/wp\/v2\/posts\/9960\/revisions\/9971"}],"wp:attachment":[{"href":"https:\/\/www.sitercl.com\/News\/index.php?rest_route=%2Fwp%2Fv2%2Fmedia&parent=9960"}],"wp:term":[{"taxonomy":"category","embeddable":true,"href":"https:\/\/www.sitercl.com\/News\/index.php?rest_route=%2Fwp%2Fv2%2Fcategories&post=9960"},{"taxonomy":"post_tag","embeddable":true,"href":"https:\/\/www.sitercl.com\/News\/index.php?rest_route=%2Fwp%2Fv2%2Ftags&post=9960"}],"curies":[{"name":"wp","href":"https:\/\/api.w.org\/{rel}","templated":true}]}}