{"id":9997,"date":"2023-04-12T20:10:14","date_gmt":"2023-04-12T18:10:14","guid":{"rendered":"https:\/\/www.sitercl.com\/News\/?p=9997"},"modified":"2023-04-12T20:10:15","modified_gmt":"2023-04-12T18:10:15","slug":"une-revelation-de-ligue-2-vers-le-rcl","status":"publish","type":"post","link":"https:\/\/www.sitercl.com\/News\/?p=9997","title":{"rendered":"Une r\u00e9v\u00e9lation de Ligue 2 vers le RCL ?"},"content":{"rendered":"<div class=\"wp-block-image\">\n<figure class=\"alignright size-full\"><img loading=\"lazy\" decoding=\"async\" width=\"180\" height=\"150\" src=\"https:\/\/www.sitercl.com\/News\/wp-content\/uploads\/2018\/12\/transfer.jpg\" alt=\"\" class=\"wp-image-374\"\/><\/figure>\n<\/div>\n\n\n<p>C&rsquo;est un m\u00e9dia Luxembourgeois, <a rel=\"noreferrer noopener\" href=\"https:\/\/lequotidien.lu\/sport-national\/football-vdk-a-lens-mais-filet-a-bastia\/\" target=\"_blank\">Le Quotidien<\/a>, qui en fait l&rsquo;\u00e9cho, le RC Lens s&rsquo;int\u00e9resserait \u00e0 un joueur du SC Bastia, Kevin\u00a0Van Den Kerkhof. Le lat\u00e9ral droit de 27 ans qui a r\u00e9cemment \u00e9t\u00e9 convoqu\u00e9 avec l\u2019Alg\u00e9rie pourrait faire son retour dans la r\u00e9gion car il est en fait originaire de Saint-Saulve (59). En Corse depuis juillet dernier o\u00f9 il a jou\u00e9 30 matches de championnat et inscrit 4 buts, il a auparavant jou\u00e9 dans le club luxembourgeois du F91 Dudelange.<br>Le m\u00e9dia parle d&rsquo;une indemnit\u00e9 possible de transfert de 6 millions d\u2019euros.<\/p>\n","protected":false},"excerpt":{"rendered":"<p>C&rsquo;est un m\u00e9dia Luxembourgeois, Le Quotidien, qui en fait l&rsquo;\u00e9cho, le RC Lens s&rsquo;int\u00e9resserait \u00e0 un joueur du SC Bastia, Kevin\u00a0Van Den Kerkhof. Le lat\u00e9ral droit de 27 ans qui a r\u00e9cemment \u00e9t\u00e9 convoqu\u00e9 avec l\u2019Alg\u00e9rie pourrait faire son retour dans la r\u00e9gion car il est en fait originaire de Saint-Saulve (59). En Corse depuis &hellip; <a href=\"https:\/\/www.sitercl.com\/News\/?p=9997\" class=\"more-link\">Continuer la lecture<span class=\"screen-reader-text\"> de &laquo;&nbsp;Une r\u00e9v\u00e9lation de Ligue 2 vers le RCL ?&nbsp;&raquo;<\/span><\/a><\/p>\n","protected":false},"author":2,"featured_media":0,"comment_status":"closed","ping_status":"open","sticky":false,"template":"","format":"standard","meta":{"footnotes":""},"categories":[2],"tags":[278,13,64,579],"class_list":["post-9997","post","type-post","status-publish","format-standard","hentry","category-infos","tag-bastia","tag-internet","tag-mercato","tag-van-den-kerkhof"],"_links":{"self":[{"href":"https:\/\/www.sitercl.com\/News\/index.php?rest_route=\/wp\/v2\/posts\/9997","targetHints":{"allow":["GET"]}}],"collection":[{"href":"https:\/\/www.sitercl.com\/News\/index.php?rest_route=\/wp\/v2\/posts"}],"about":[{"href":"https:\/\/www.sitercl.com\/News\/index.php?rest_route=\/wp\/v2\/types\/post"}],"author":[{"embeddable":true,"href":"https:\/\/www.sitercl.com\/News\/index.php?rest_route=\/wp\/v2\/users\/2"}],"replies":[{"embeddable":true,"href":"https:\/\/www.sitercl.com\/News\/index.php?rest_route=%2Fwp%2Fv2%2Fcomments&post=9997"}],"version-history":[{"count":1,"href":"https:\/\/www.sitercl.com\/News\/index.php?rest_route=\/wp\/v2\/posts\/9997\/revisions"}],"predecessor-version":[{"id":9998,"href":"https:\/\/www.sitercl.com\/News\/index.php?rest_route=\/wp\/v2\/posts\/9997\/revisions\/9998"}],"wp:attachment":[{"href":"https:\/\/www.sitercl.com\/News\/index.php?rest_route=%2Fwp%2Fv2%2Fmedia&parent=9997"}],"wp:term":[{"taxonomy":"category","embeddable":true,"href":"https:\/\/www.sitercl.com\/News\/index.php?rest_route=%2Fwp%2Fv2%2Fcategories&post=9997"},{"taxonomy":"post_tag","embeddable":true,"href":"https:\/\/www.sitercl.com\/News\/index.php?rest_route=%2Fwp%2Fv2%2Ftags&post=9997"}],"curies":[{"name":"wp","href":"https:\/\/api.w.org\/{rel}","templated":true}]}}