{"id":9999,"date":"2023-04-14T19:21:59","date_gmt":"2023-04-14T17:21:59","guid":{"rendered":"https:\/\/www.sitercl.com\/News\/?p=9999"},"modified":"2023-04-14T19:21:59","modified_gmt":"2023-04-14T17:21:59","slug":"les-groupes-pour-psg-rcl","status":"publish","type":"post","link":"https:\/\/www.sitercl.com\/News\/?p=9999","title":{"rendered":"Les groupes pour PSG &#8211; RCL"},"content":{"rendered":"<div class=\"wp-block-image\">\n<figure class=\"alignright size-full\"><img loading=\"lazy\" decoding=\"async\" width=\"137\" height=\"150\" src=\"https:\/\/www.sitercl.com\/News\/wp-content\/uploads\/2018\/12\/grpjoueu.jpg\" alt=\"\" class=\"wp-image-248\"\/><\/figure>\n<\/div>\n\n\n<p>Voici les groupes convoqu\u00e9s pour la rencontre entre le Paris SG et le RC Lens de ce samedi (coup d&rsquo;envoi \u00e0 21h).<\/p>\n\n\n\n<p><strong>Pour le PSG <\/strong>:<br>Rico, Letellier, Donnarumma &#8211; Hakimi, Ramos, Marquinhos, Bitshiabu, Bernat, Mendes &#8211; Ruiz, Danilo, Vitinha, Soler, Za\u00efre-Emery, Gharbi &#8211; Mbapp\u00e9, Messi, Housni, Ekitike.<\/p>\n\n\n\n<p>Touch\u00e9 aux ischio-jambiers, Marco Verratti poursuit son protocole de reprise. Il sera trop juste pour particper \u00e0 la rencontre. Timoth\u00e9e Pemb\u00e9l\u00e9 (genou), Neymar (cheville), Presnel Kimpembe (tendon), Nordi Mukiele (cuisse, saison termin\u00e9e) et Renato Sanches (adducteurs) sont aussi forfaits.<\/p>\n\n\n\n<p><strong>Pour le RC Lens<\/strong> :<br>Jean-Louis LECA, Brice SAMBA; Isma\u00ebl BOURA, Kevin DANSO, Przemyslaw FRANKOWSKI, Jonathan GRADIT, Massadio HA\u00cfDARA, Deiver MACHADO, Facundo MEDINA; Salis ABDUL SAMED, Alexis CLAUDE-MAURICE, Seko FOFANA,\u00a0Angelo FULGINI, Jean ONANA, David PEREIRA DA COSTA, Lukasz POREBA, Adrien THOMASSON; R\u00e9my LABEAU LASCARY, Lo\u00efs OPENDA, Florian SOTOCA.<\/p>\n\n\n\n<p>Bonnes nouvelles du c\u00f4t\u00e9 de l&rsquo;infirmerie avec les retours de Adam Buksa et Julien Le Cardinal, Franck Ha\u00efse les laissent toutefois reprendre d&rsquo;abord ce week-end avec la r\u00e9serve. Et tout n&rsquo;est pas parfait pour autant car \u00e0 l&rsquo;inverse, Wesley Sa\u00efd est de nouveau forfait&#8230; L&rsquo;attaquant manquera deux matches suite \u00e0 une g\u00eane au niveau du quadriceps. Et il ne faut pas oublier les autres absents : Jimmy CABOT (genou), Wuilker FARINEZ (genou) et\u00a0Steven FORTES (genou).<\/p>\n\n\n\n<p><strong>L&rsquo;arbitre<\/strong> : <a href=\"https:\/\/www.sitercl.com\/News\/?post_type=post&amp;p=9992\">pour rappel<\/a>, il s&rsquo;agira de M. Willy DELAJOD<\/p>\n","protected":false},"excerpt":{"rendered":"<p>Voici les groupes convoqu\u00e9s pour la rencontre entre le Paris SG et le RC Lens de ce samedi (coup d&rsquo;envoi \u00e0 21h). Pour le PSG :Rico, Letellier, Donnarumma &#8211; Hakimi, Ramos, Marquinhos, Bitshiabu, Bernat, Mendes &#8211; Ruiz, Danilo, Vitinha, Soler, Za\u00efre-Emery, Gharbi &#8211; Mbapp\u00e9, Messi, Housni, Ekitike. Touch\u00e9 aux ischio-jambiers, Marco Verratti poursuit son protocole &hellip; <a href=\"https:\/\/www.sitercl.com\/News\/?p=9999\" class=\"more-link\">Continuer la lecture<span class=\"screen-reader-text\"> de &laquo;&nbsp;Les groupes pour PSG &#8211; RCL&nbsp;&raquo;<\/span><\/a><\/p>\n","protected":false},"author":2,"featured_media":0,"comment_status":"closed","ping_status":"open","sticky":false,"template":"","format":"standard","meta":{"footnotes":""},"categories":[2],"tags":[11,151,131],"class_list":["post-9999","post","type-post","status-publish","format-standard","hentry","category-infos","tag-groupes","tag-ligue-1","tag-psg"],"_links":{"self":[{"href":"https:\/\/www.sitercl.com\/News\/index.php?rest_route=\/wp\/v2\/posts\/9999","targetHints":{"allow":["GET"]}}],"collection":[{"href":"https:\/\/www.sitercl.com\/News\/index.php?rest_route=\/wp\/v2\/posts"}],"about":[{"href":"https:\/\/www.sitercl.com\/News\/index.php?rest_route=\/wp\/v2\/types\/post"}],"author":[{"embeddable":true,"href":"https:\/\/www.sitercl.com\/News\/index.php?rest_route=\/wp\/v2\/users\/2"}],"replies":[{"embeddable":true,"href":"https:\/\/www.sitercl.com\/News\/index.php?rest_route=%2Fwp%2Fv2%2Fcomments&post=9999"}],"version-history":[{"count":2,"href":"https:\/\/www.sitercl.com\/News\/index.php?rest_route=\/wp\/v2\/posts\/9999\/revisions"}],"predecessor-version":[{"id":10010,"href":"https:\/\/www.sitercl.com\/News\/index.php?rest_route=\/wp\/v2\/posts\/9999\/revisions\/10010"}],"wp:attachment":[{"href":"https:\/\/www.sitercl.com\/News\/index.php?rest_route=%2Fwp%2Fv2%2Fmedia&parent=9999"}],"wp:term":[{"taxonomy":"category","embeddable":true,"href":"https:\/\/www.sitercl.com\/News\/index.php?rest_route=%2Fwp%2Fv2%2Fcategories&post=9999"},{"taxonomy":"post_tag","embeddable":true,"href":"https:\/\/www.sitercl.com\/News\/index.php?rest_route=%2Fwp%2Fv2%2Ftags&post=9999"}],"curies":[{"name":"wp","href":"https:\/\/api.w.org\/{rel}","templated":true}]}}